{"id":78081,"date":"2020-07-22T00:00:41","date_gmt":"2020-07-22T05:00:41","guid":{"rendered":"http:\/\/elinformanteperu.com\/?p=78081"},"modified":"2020-07-22T00:00:41","modified_gmt":"2020-07-22T05:00:41","slug":"elecciones-internas-jne-senala-que-modalidad-un-afiliado-un-voto-es-lo-mas-idoneo","status":"publish","type":"post","link":"https:\/\/elinformanteperu.com\/index.php\/2020\/07\/22\/elecciones-internas-jne-senala-que-modalidad-un-afiliado-un-voto-es-lo-mas-idoneo\/","title":{"rendered":"Elecciones internas: JNE se\u00f1ala que modalidad un afiliado, un voto es lo m\u00e1s id\u00f3neo"},"content":{"rendered":"<p><span style=\"color: #000000;\"><strong>Ante la Comisi\u00f3n de Constituci\u00f3n del Congreso, expres\u00f3 sus observaciones respecto a la posibilidad de que las elecciones internas sean por delegados.<\/strong><\/span><\/p>\n<p><span style=\"color: #000000;\"><strong>Lima, 21 Julio 2020, (ANDINA).-<\/strong> El presidente del Jurado Nacional de Elecciones (JNE), V\u00edctor Ticona, se\u00f1al\u00f3 que la modalidad un afiliado, un voto para los comicios internos de los partidos pol\u00edticos es lo m\u00e1s id\u00f3neo y conveniente.<\/span><\/p>\n<p><span style=\"color: #000000;\">Ante la Comisi\u00f3n de Constituci\u00f3n del Congreso, expres\u00f3 sus observaciones respecto a la posibilidad de que las elecciones internas sean por delegados, propuesta considerada en el predictamen de dicho grupo de trabajo.<\/span><\/p>\n<p><span style=\"color: #000000;\">En el predictamen, indic\u00f3, no se asegura que la elecci\u00f3n por delegados sea democr\u00e1tica porque lo remite al estatuto, el cual puede no precisar que los delegados sean elegidos por los afiliados.<\/span><\/p>\n<p><span style=\"color: #000000;\">\u00abPor eso nuestra observaci\u00f3n sobre ese punto\u00bb, manifest\u00f3 Ticona, quien aclar\u00f3 ante los congresistas que no se est\u00e1 diciendo que la elecci\u00f3n por delegados sea antidemocr\u00e1tica.<\/span><\/p>\n<p><span style=\"color: #000000;\">\u00abEn la l\u00ednea de reforzar a\u00fan m\u00e1s la democracia interna, consolidar los partidos, donde los militantes tengan mayor actuaci\u00f3n, se est\u00e1 prefiriendo un militante un voto\u00bb, a\u00f1adi\u00f3.<\/span><\/p>\n<p><strong><span style=\"color: #000000;\">Hojas de vida y JEE<\/span><\/strong><\/p>\n<p><span style=\"color: #000000;\">Respecto a las hojas de vida de los candidatos, Ticona se mostr\u00f3 en desacuerdo con la propuesta del predictamen para que sea el JNE el que coloque la informaci\u00f3n que recoja de ellos en los organismos estatales.<\/span><\/p>\n<p><span style=\"color: #000000;\">\u00abSi el Jurado va a colocar toda la informaci\u00f3n de los candidatos, no ser\u00eda una declaraci\u00f3n de hoja de vida, ser\u00eda una suerte de segunda ventanilla \u00fanica y desnaturaliza la declaraci\u00f3n de hoja de vida\u00bb, afirm\u00f3.<\/span><\/p>\n<p><span style=\"color: #000000;\">Asimismo, Ticona plante\u00f3 que el Congreso, de forma excepcional, faculte al JNE instalar los Jurados Electorales Especiales (JEE) en fecha oportuna y de forma progresiva con miras a las elecciones 2021.<\/span><\/p>\n<p><span style=\"color: #000000;\">Record\u00f3 que, de acuerdo a la Ley Org\u00e1nica del JNE, se tienen 30 d\u00edas para instalar los JEE tras la convocatoria de elecciones, lo cual vencer\u00eda el 9 de agosto; sin embargo, considerando que no habr\u00eda elecciones primarias sino solo internas en los partidos, los JEE estar\u00edan mucho tiempo sin carga procesal.<\/span><\/p>\n<p><span style=\"color: #000000;\">\u00abHacemos esta propuesta, este alcance fundamental, para que se dicte una norma excepcional\u00bb, manifest\u00f3.<\/span><\/p>\n","protected":false},"excerpt":{"rendered":"<p>Ante la Comisi\u00f3n de Constituci\u00f3n del Congreso, expres\u00f3 sus observaciones respecto a la posibilidad de que las elecciones internas sean por delegados. Lima, 21 Julio 2020, (ANDINA).- El presidente del Jurado Nacional de Elecciones (JNE), V\u00edctor Ticona, se\u00f1al\u00f3 que la modalidad un afiliado, un voto para los comicios internos de los partidos pol\u00edticos es lo [&hellip;]<\/p>\n","protected":false},"author":1,"featured_media":78082,"comment_status":"open","ping_status":"open","sticky":false,"template":"","format":"standard","meta":{"rop_custom_images_group":[],"rop_custom_messages_group":[],"rop_publish_now":"initial","rop_publish_now_accounts":[],"rop_publish_now_history":[],"rop_publish_now_status":"pending","footnotes":""},"categories":[5],"tags":[184,185,162],"class_list":["post-78081","post","type-post","status-publish","format-standard","has-post-thumbnail","hentry","category-actualidad-informativa","tag-jne","tag-jurado-nacional-de-elecciones","tag-victor-ticona"],"_links":{"self":[{"href":"https:\/\/elinformanteperu.com\/index.php\/wp-json\/wp\/v2\/posts\/78081","targetHints":{"allow":["GET"]}}],"collection":[{"href":"https:\/\/elinformanteperu.com\/index.php\/wp-json\/wp\/v2\/posts"}],"about":[{"href":"https:\/\/elinformanteperu.com\/index.php\/wp-json\/wp\/v2\/types\/post"}],"author":[{"embeddable":true,"href":"https:\/\/elinformanteperu.com\/index.php\/wp-json\/wp\/v2\/users\/1"}],"replies":[{"embeddable":true,"href":"https:\/\/elinformanteperu.com\/index.php\/wp-json\/wp\/v2\/comments?post=78081"}],"version-history":[{"count":1,"href":"https:\/\/elinformanteperu.com\/index.php\/wp-json\/wp\/v2\/posts\/78081\/revisions"}],"predecessor-version":[{"id":78083,"href":"https:\/\/elinformanteperu.com\/index.php\/wp-json\/wp\/v2\/posts\/78081\/revisions\/78083"}],"wp:featuredmedia":[{"embeddable":true,"href":"https:\/\/elinformanteperu.com\/index.php\/wp-json\/wp\/v2\/media\/78082"}],"wp:attachment":[{"href":"https:\/\/elinformanteperu.com\/index.php\/wp-json\/wp\/v2\/media?parent=78081"}],"wp:term":[{"taxonomy":"category","embeddable":true,"href":"https:\/\/elinformanteperu.com\/index.php\/wp-json\/wp\/v2\/categories?post=78081"},{"taxonomy":"post_tag","embeddable":true,"href":"https:\/\/elinformanteperu.com\/index.php\/wp-json\/wp\/v2\/tags?post=78081"}],"curies":[{"name":"wp","href":"https:\/\/api.w.org\/{rel}","templated":true}]}}