{"id":78078,"date":"2020-07-21T23:57:40","date_gmt":"2020-07-22T04:57:40","guid":{"rendered":"http:\/\/elinformanteperu.com\/?p=78078"},"modified":"2020-07-21T23:57:40","modified_gmt":"2020-07-22T04:57:40","slug":"fuero-militar-policial-restablece-sus-actividades-por-completo","status":"publish","type":"post","link":"https:\/\/elinformanteperu.com\/index.php\/2020\/07\/21\/fuero-militar-policial-restablece-sus-actividades-por-completo\/","title":{"rendered":"Fuero Militar Policial restablece sus actividades por completo"},"content":{"rendered":"<p><strong><span style=\"color: #000000;\">El Fuero Militar Policial reanud\u00f3 sus actividades al ciento por ciento.<\/span><\/strong><\/p>\n<p><span style=\"color: #000000;\"><strong>Lima, 21 Julio 2020, (ANDINA).-<\/strong> El Fuero Militar Policial reanud\u00f3 sus actividades al ciento por ciento, en sus diferentes \u00f3rganos jurisdiccionales, fiscales y administrativos, tomando medidas de salvaguarda de la salud e integridad de sus elementos operativos, tanto magistrados militares policiales y el personal militar y civil en los despachos, as\u00ed como las \u00e1reas de apoyo.<\/span><\/p>\n<p><span style=\"color: #000000;\">Seg\u00fan lo previsto, a la fecha se restablecieron los plazos y t\u00e9rminos procesales y administrativos, efectu\u00e1ndose una reprogramaci\u00f3n de las audiencias y diligencias judiciales, la cual se dar\u00e1 a conocer trav\u00e9s de su p\u00e1gina web y canales institucionales.<\/span><\/p>\n<p><span style=\"color: #000000;\">Para efectos de la reanudaci\u00f3n laboral, mediante la Resoluci\u00f3n 063-2020-FMP\/DE\/RRHH, se dispuso la reincorporaci\u00f3n del 33 % de trabajadores, sin sintomatolog\u00eda covid-19, de forma presencial y el 67 % mediante trabajo a distancia, con base en el examen al que se sometieron los funcionarios de este organismo la semana pasada.<\/span><\/p>\n<p><span style=\"color: #000000;\">El presidente del Fuero Militar Policial, Alonso Esquivel, ratific\u00f3 el compromiso de este organismo con su misi\u00f3n en el \u00e1mbito de las Fuerzas Armadas y la Polic\u00eda Nacional, velando por los bienes jur\u00eddicos de la defensa nacional y la seguridad, a trav\u00e9s de la prevenci\u00f3n del delito y la investigaci\u00f3n de los delitos de funci\u00f3n que pueden cometer los efectivos militares y policiales.<\/span><\/p>\n<p><span style=\"color: #000000;\">\u00abEl funcionamiento de nuestros \u00f3rganos se ha restablecido en un ciento por ciento, tal como nos comprometimos y al mismo tiempo estamos protegiendo la salud de todos los trabajadores, con un examen de detecci\u00f3n del covid-19 y la aplicaci\u00f3n de las medidas sanitarias y modalidades laborales pertinentes\u00bb, puntualiz\u00f3.<\/span><\/p>\n<p><span style=\"color: #000000;\">Por otro lado indic\u00f3 que los militares y polic\u00edas con casos pendientes en la justicia militar policial pueden remitir sus escritos en formato digital (escaneado) al correo electr\u00f3nico: <strong>tramite_documentario@fmp.gob.pe<\/strong><\/span><\/p>\n","protected":false},"excerpt":{"rendered":"<p>El Fuero Militar Policial reanud\u00f3 sus actividades al ciento por ciento. Lima, 21 Julio 2020, (ANDINA).- El Fuero Militar Policial reanud\u00f3 sus actividades al ciento por ciento, en sus diferentes \u00f3rganos jurisdiccionales, fiscales y administrativos, tomando medidas de salvaguarda de la salud e integridad de sus elementos operativos, tanto magistrados militares policiales y el personal [&hellip;]<\/p>\n","protected":false},"author":1,"featured_media":78079,"comment_status":"open","ping_status":"open","sticky":false,"template":"","format":"standard","meta":{"rop_custom_images_group":[],"rop_custom_messages_group":[],"rop_publish_now":"initial","rop_publish_now_accounts":[],"rop_publish_now_history":[],"rop_publish_now_status":"pending","footnotes":""},"categories":[5],"tags":[5236,5364,4080],"class_list":["post-78078","post","type-post","status-publish","format-standard","has-post-thumbnail","hentry","category-actualidad-informativa","tag-coronavirus","tag-covid-19","tag-fuero-militar-policial"],"_links":{"self":[{"href":"https:\/\/elinformanteperu.com\/index.php\/wp-json\/wp\/v2\/posts\/78078","targetHints":{"allow":["GET"]}}],"collection":[{"href":"https:\/\/elinformanteperu.com\/index.php\/wp-json\/wp\/v2\/posts"}],"about":[{"href":"https:\/\/elinformanteperu.com\/index.php\/wp-json\/wp\/v2\/types\/post"}],"author":[{"embeddable":true,"href":"https:\/\/elinformanteperu.com\/index.php\/wp-json\/wp\/v2\/users\/1"}],"replies":[{"embeddable":true,"href":"https:\/\/elinformanteperu.com\/index.php\/wp-json\/wp\/v2\/comments?post=78078"}],"version-history":[{"count":1,"href":"https:\/\/elinformanteperu.com\/index.php\/wp-json\/wp\/v2\/posts\/78078\/revisions"}],"predecessor-version":[{"id":78080,"href":"https:\/\/elinformanteperu.com\/index.php\/wp-json\/wp\/v2\/posts\/78078\/revisions\/78080"}],"wp:featuredmedia":[{"embeddable":true,"href":"https:\/\/elinformanteperu.com\/index.php\/wp-json\/wp\/v2\/media\/78079"}],"wp:attachment":[{"href":"https:\/\/elinformanteperu.com\/index.php\/wp-json\/wp\/v2\/media?parent=78078"}],"wp:term":[{"taxonomy":"category","embeddable":true,"href":"https:\/\/elinformanteperu.com\/index.php\/wp-json\/wp\/v2\/categories?post=78078"},{"taxonomy":"post_tag","embeddable":true,"href":"https:\/\/elinformanteperu.com\/index.php\/wp-json\/wp\/v2\/tags?post=78078"}],"curies":[{"name":"wp","href":"https:\/\/api.w.org\/{rel}","templated":true}]}}