{"id":78072,"date":"2020-07-21T23:31:11","date_gmt":"2020-07-22T04:31:11","guid":{"rendered":"http:\/\/elinformanteperu.com\/?p=78072"},"modified":"2020-07-21T23:31:11","modified_gmt":"2020-07-22T04:31:11","slug":"jefe-del-gabinete-se-reunio-con-congresistas-de-la-region-cajamarca","status":"publish","type":"post","link":"https:\/\/elinformanteperu.com\/index.php\/2020\/07\/21\/jefe-del-gabinete-se-reunio-con-congresistas-de-la-region-cajamarca\/","title":{"rendered":"Jefe del Gabinete se reuni\u00f3 con congresistas de la regi\u00f3n Cajamarca"},"content":{"rendered":"<p><strong><span style=\"color: #000000;\">Fue como parte del di\u00e1logo pol\u00edtico que sostiene con distintos sectores.<\/span><\/strong><\/p>\n<p><span style=\"color: #000000;\"><strong>Lima, 21 Julio 2020, (ANDINA).-<\/strong> El presidente del Consejo de Ministros, Pedro Cateriano Bellido, se reuni\u00f3 con los congresistas representantes de la regi\u00f3n Cajamarca, como parte del di\u00e1logo pol\u00edtico que sostiene con distintos sectores.<\/span><\/p>\n<p><span style=\"color: #000000;\">En el encuentro estuvieron presentes los legisladores Walter Benavides y Mois\u00e9s Gonzales, de Alianza para el Progreso; Felicita Tocto, de Somos Per\u00fa; Hans Troyes, de Acci\u00f3n Popular; Mirtha V\u00e1squez, del Frente Amplio; y Widman Vigo, Fuerza Popular.<\/span><\/p>\n<p><span style=\"color: #000000;\">La PCM inform\u00f3 que con el objetivo de fortalecer el trabajo del Ejecutivo en la regi\u00f3n ante el covid-19 participaron los ministros del MEF, Mar\u00eda Antonieta Alva; Minsa, Pilar Mazzetti; Minagri, Jorge Montenegro; Vivienda, Carlos Lozada; MTC, Carlos Estremadoyro; y del Minem, Rafael Belaunde.<\/span><\/p>\n<p><span style=\"color: #000000;\">El \u00faltimo s\u00e1bado, el titular de la PCM inici\u00f3 un di\u00e1logo con los partidos pol\u00edticos que tienen representaci\u00f3n en el Congreso de la Rep\u00fablica.<\/span><\/p>\n<blockquote class=\"twitter-tweet\">\n<p dir=\"ltr\" lang=\"es\">El titular de la PCM, <a href=\"https:\/\/twitter.com\/PCaterianoB?ref_src=twsrc%5Etfw\">@PCaterianoB<\/a>, se reuni\u00f3 con los congresistas representantes de la regi\u00f3n <a href=\"https:\/\/twitter.com\/hashtag\/Cajamarca?src=hash&amp;ref_src=twsrc%5Etfw\">#Cajamarca<\/a>: Walter Benavides y Mois\u00e9s Gonzales, de APP; Felicita Tocto, Somos Per\u00fa; Hans Troyes, Acci\u00f3n Popular; Mirtha V\u00e1squez, Frente Amplio; y Widman Vigo, Fuerza Popular. <a href=\"https:\/\/t.co\/9uly7gxCjw\">pic.twitter.com\/9uly7gxCjw<\/a><\/p>\n<p>\u2014 Consejo de Ministros (@pcmperu) <a href=\"https:\/\/twitter.com\/pcmperu\/status\/1285610583757389824?ref_src=twsrc%5Etfw\">July 21, 2020<\/a><\/p><\/blockquote>\n<p><script async src=\"https:\/\/platform.twitter.com\/widgets.js\" charset=\"utf-8\"><\/script><\/p>\n","protected":false},"excerpt":{"rendered":"<p>Fue como parte del di\u00e1logo pol\u00edtico que sostiene con distintos sectores. Lima, 21 Julio 2020, (ANDINA).- El presidente del Consejo de Ministros, Pedro Cateriano Bellido, se reuni\u00f3 con los congresistas representantes de la regi\u00f3n Cajamarca, como parte del di\u00e1logo pol\u00edtico que sostiene con distintos sectores. En el encuentro estuvieron presentes los legisladores Walter Benavides y [&hellip;]<\/p>\n","protected":false},"author":1,"featured_media":78073,"comment_status":"open","ping_status":"open","sticky":false,"template":"","format":"standard","meta":{"rop_custom_images_group":[],"rop_custom_messages_group":[],"rop_publish_now":"initial","rop_publish_now_accounts":[],"rop_publish_now_history":[],"rop_publish_now_status":"pending","footnotes":""},"categories":[5],"tags":[189,1651,2317],"class_list":["post-78072","post","type-post","status-publish","format-standard","has-post-thumbnail","hentry","category-actualidad-informativa","tag-pcm","tag-pedro-cateriano","tag-presidencia-del-consejo-de-ministros"],"_links":{"self":[{"href":"https:\/\/elinformanteperu.com\/index.php\/wp-json\/wp\/v2\/posts\/78072","targetHints":{"allow":["GET"]}}],"collection":[{"href":"https:\/\/elinformanteperu.com\/index.php\/wp-json\/wp\/v2\/posts"}],"about":[{"href":"https:\/\/elinformanteperu.com\/index.php\/wp-json\/wp\/v2\/types\/post"}],"author":[{"embeddable":true,"href":"https:\/\/elinformanteperu.com\/index.php\/wp-json\/wp\/v2\/users\/1"}],"replies":[{"embeddable":true,"href":"https:\/\/elinformanteperu.com\/index.php\/wp-json\/wp\/v2\/comments?post=78072"}],"version-history":[{"count":1,"href":"https:\/\/elinformanteperu.com\/index.php\/wp-json\/wp\/v2\/posts\/78072\/revisions"}],"predecessor-version":[{"id":78074,"href":"https:\/\/elinformanteperu.com\/index.php\/wp-json\/wp\/v2\/posts\/78072\/revisions\/78074"}],"wp:featuredmedia":[{"embeddable":true,"href":"https:\/\/elinformanteperu.com\/index.php\/wp-json\/wp\/v2\/media\/78073"}],"wp:attachment":[{"href":"https:\/\/elinformanteperu.com\/index.php\/wp-json\/wp\/v2\/media?parent=78072"}],"wp:term":[{"taxonomy":"category","embeddable":true,"href":"https:\/\/elinformanteperu.com\/index.php\/wp-json\/wp\/v2\/categories?post=78072"},{"taxonomy":"post_tag","embeddable":true,"href":"https:\/\/elinformanteperu.com\/index.php\/wp-json\/wp\/v2\/tags?post=78072"}],"curies":[{"name":"wp","href":"https:\/\/api.w.org\/{rel}","templated":true}]}}