{"id":78069,"date":"2020-07-21T23:23:14","date_gmt":"2020-07-22T04:23:14","guid":{"rendered":"http:\/\/elinformanteperu.com\/?p=78069"},"modified":"2020-07-21T23:23:14","modified_gmt":"2020-07-22T04:23:14","slug":"ministro-de-defensa-somos-respetuosos-de-las-decisiones-del-congreso","status":"publish","type":"post","link":"https:\/\/elinformanteperu.com\/index.php\/2020\/07\/21\/ministro-de-defensa-somos-respetuosos-de-las-decisiones-del-congreso\/","title":{"rendered":"Ministro de Defensa: somos respetuosos de las decisiones del Congreso"},"content":{"rendered":"<p><strong><span style=\"color: #000000;\">Presentaci\u00f3n del nuevo Gabinete Ministerial ser\u00e1 en la primera semana de agosto.<\/span><\/strong><\/p>\n<p><span style=\"color: #000000;\"><strong>Lima, 21 Julio 2020, (ANDINA).-<\/strong> El ministro de Defensa, Walter Martos, sostuvo que el Gobierno es respetuoso de las decisiones del Congreso, al comentar lo establecido por el Parlamento para que la presentaci\u00f3n del nuevo Gabinete Ministerial sea en la primera semana de agosto.<\/span><\/p>\n<p><span style=\"color: #000000;\">\u00abTenemos una actitud, como Gobierno, sumamente democr\u00e1tica y somos muy respetuosos de las decisiones del Parlamento. Aceptamos y respetamos la decisi\u00f3n que ha tomado\u00bb, declar\u00f3 a la prensa.<\/span><\/p>\n<p><span style=\"color: #000000;\">Asimismo descart\u00f3 que lo decidido por el Legislativo tenga que ver con el hecho de que no hab\u00eda aviones disponibles para atender el traslado de congresistas a Arequipa para un pleno descentralizado.<\/span><\/p>\n<p><span style=\"color: #000000;\">\u00abTanto el Congreso como el Ejecutivo estamos trabajando juntos en la lucha contra la pandemia. Tenemos la suficiente madurez de pensar que las personas, la salud y la vida son la prioridad\u00bb, enfatiz\u00f3.<\/span><\/p>\n<p><span style=\"color: #000000;\">El ministro de Defensa remarc\u00f3 que existe una buena relaci\u00f3n con el titular del Parlamento, Manuel Merino, y se le ha ofrecido disculpas respetuosas por el tema de los aviones que solicitaban.<\/span><\/p>\n<p><span style=\"color: #000000;\">Con los pocos aviones con los que se cuenta, precis\u00f3, se trabaja en la atenci\u00f3n de la pandemia del covid-19, trasladando m\u00f3dulos, pacientes, balones de ox\u00edgeno y personal.<\/span><\/p>\n<p><strong><span style=\"color: #000000;\">Autoridades regionales<\/span><\/strong><\/p>\n<p><span style=\"color: #000000;\">Sobre la situaci\u00f3n en las regiones en torno a la pandemia, Martos dijo que como ciudadanos debemos ser muy maduros al momento de elegir a las autoridades.<\/span><\/p>\n<p><span style=\"color: #000000;\">En sus visitas a las regiones, refiri\u00f3, se ha observado a gobernadores comprometidos en la lucha contra el covid-19, pero en otros lugares ha habido indiferencia y las consecuencias las paga la poblaci\u00f3n.<\/span><\/p>\n<p><span style=\"color: #000000;\">\u00abHago un llamado a los gobernadores, a los alcaldes, a todas las autoridades, a unirnos con el pueblo para salir adelante en esta pandemia\u00bb, subray\u00f3 el ministro.<\/span><\/p>\n<p><span style=\"color: #000000;\">Respecto a las actividades oficiales por Fiestas Patrias mencion\u00f3 que estas ser\u00e1n sobrias, respetando medidas como el distanciamiento social.<\/span><\/p>\n","protected":false},"excerpt":{"rendered":"<p>Presentaci\u00f3n del nuevo Gabinete Ministerial ser\u00e1 en la primera semana de agosto. Lima, 21 Julio 2020, (ANDINA).- El ministro de Defensa, Walter Martos, sostuvo que el Gobierno es respetuoso de las decisiones del Congreso, al comentar lo establecido por el Parlamento para que la presentaci\u00f3n del nuevo Gabinete Ministerial sea en la primera semana de [&hellip;]<\/p>\n","protected":false},"author":1,"featured_media":78070,"comment_status":"open","ping_status":"open","sticky":false,"template":"","format":"standard","meta":{"rop_custom_images_group":[],"rop_custom_messages_group":[],"rop_publish_now":"initial","rop_publish_now_accounts":[],"rop_publish_now_history":[],"rop_publish_now_status":"pending","footnotes":""},"categories":[5],"tags":[5236,5364,376,375,5243],"class_list":["post-78069","post","type-post","status-publish","format-standard","has-post-thumbnail","hentry","category-actualidad-informativa","tag-coronavirus","tag-covid-19","tag-mindef","tag-ministerio-de-defensa","tag-walter-martos"],"_links":{"self":[{"href":"https:\/\/elinformanteperu.com\/index.php\/wp-json\/wp\/v2\/posts\/78069","targetHints":{"allow":["GET"]}}],"collection":[{"href":"https:\/\/elinformanteperu.com\/index.php\/wp-json\/wp\/v2\/posts"}],"about":[{"href":"https:\/\/elinformanteperu.com\/index.php\/wp-json\/wp\/v2\/types\/post"}],"author":[{"embeddable":true,"href":"https:\/\/elinformanteperu.com\/index.php\/wp-json\/wp\/v2\/users\/1"}],"replies":[{"embeddable":true,"href":"https:\/\/elinformanteperu.com\/index.php\/wp-json\/wp\/v2\/comments?post=78069"}],"version-history":[{"count":1,"href":"https:\/\/elinformanteperu.com\/index.php\/wp-json\/wp\/v2\/posts\/78069\/revisions"}],"predecessor-version":[{"id":78071,"href":"https:\/\/elinformanteperu.com\/index.php\/wp-json\/wp\/v2\/posts\/78069\/revisions\/78071"}],"wp:featuredmedia":[{"embeddable":true,"href":"https:\/\/elinformanteperu.com\/index.php\/wp-json\/wp\/v2\/media\/78070"}],"wp:attachment":[{"href":"https:\/\/elinformanteperu.com\/index.php\/wp-json\/wp\/v2\/media?parent=78069"}],"wp:term":[{"taxonomy":"category","embeddable":true,"href":"https:\/\/elinformanteperu.com\/index.php\/wp-json\/wp\/v2\/categories?post=78069"},{"taxonomy":"post_tag","embeddable":true,"href":"https:\/\/elinformanteperu.com\/index.php\/wp-json\/wp\/v2\/tags?post=78069"}],"curies":[{"name":"wp","href":"https:\/\/api.w.org\/{rel}","templated":true}]}}