{"id":77996,"date":"2020-07-20T23:32:20","date_gmt":"2020-07-21T04:32:20","guid":{"rendered":"http:\/\/elinformanteperu.com\/?p=77996"},"modified":"2020-07-20T23:32:20","modified_gmt":"2020-07-21T04:32:20","slug":"cateriano-gobierno-realizara-campana-para-evitar-mas-contagios-y-muertes-por-covid-19","status":"publish","type":"post","link":"https:\/\/elinformanteperu.com\/index.php\/2020\/07\/20\/cateriano-gobierno-realizara-campana-para-evitar-mas-contagios-y-muertes-por-covid-19\/","title":{"rendered":"Cateriano: Gobierno realizar\u00e1 campa\u00f1a para evitar m\u00e1s contagios y muertes por covid 19"},"content":{"rendered":"<p><strong><span style=\"color: #000000;\">El presidente del Consejo de Ministros se\u00f1al\u00f3 que el Gobierno realizar\u00e1 una campa\u00f1a de concientizaci\u00f3n.<\/span><\/strong><\/p>\n<p><span style=\"color: #000000;\"><strong>Lima, 20 Julio 2020, (ANDINA).-<\/strong> El presidente del Consejo de Ministros, Pedro Cateriano Bellido, se\u00f1al\u00f3 que el Gobierno realizar\u00e1 una campa\u00f1a de concientizaci\u00f3n sobre la importancia de respetar las normas sanitarias para evitar el incremento de contagios y muertes por la covid-19.<\/span><\/p>\n<p><span style=\"color: #000000;\">Sostuvo que hay una necesidad de generar conciencia sobre los h\u00e1bitos de higiene y respetar normas como el distanciamiento social y el uso de mascarillas ante la reapertura de aeropuertos, restaurantes y otro centros que congregan a personas.<\/span><\/p>\n<p><span style=\"color: #000000;\">\u00abY por esta raz\u00f3n, vamos a iniciar una campa\u00f1a de concientizaci\u00f3n de la importancia que tiene, no solamente para cuidar la salud, sino para no llegar a una situaci\u00f3n de incrementos de muertes que nadie desea, respetar las normas sanitarias\u00bb, declar\u00f3 Cateriano a ATV.<\/span><\/p>\n<p><span style=\"color: #000000;\">Asimismo, dijo que est\u00e1 conversando con la ministra de Econom\u00eda, Mar\u00eda Antonieta Alva, para dictar medidas de apoyo administrativo a gobiernos regionales a fin que que puedan adquirir medicamentos e implementos para atender la emergencia sanitaria por el coronavirus.<\/span><\/p>\n<p><span style=\"color: #000000;\">\u00abEstamos conversando con ministra de Econom\u00eda para dictar dispositivos que faciliten el apoyo administrativo a los gobiernos regionales que no tienen capacidad de gasto y carecen de cuadros t\u00e9cnicos\u00bb, precis\u00f3.<\/span><\/p>\n<p><span style=\"color: #000000;\">En ese sentido, destac\u00f3 que el presidente Mart\u00edn Vizcarra y todo el Poder Ejecutivo est\u00e1 absolutamente comprometido para ayudar al pueblo arequipe\u00f1o y por ello visit\u00f3 en la v\u00edspera la Ciudad Blanca.<\/span><\/p>\n<p><span style=\"color: #000000;\">\u00abEl presidente Vizcarra naturalmente est\u00e1 absolutamente comprometido con el dolor de las personas, esa fue una de las razones de su visita a Arequipa\u00bb, afirm\u00f3.<\/span><\/p>\n<p><span style=\"color: #000000;\">En otro momento, reiter\u00f3 que existe un desfase en la cifra de pacientes por coronavirus, pero rechaz\u00f3 que tras ello exista dolo o intenci\u00f3n de tergiversar la realidad.<\/span><\/p>\n<p><span style=\"color: #000000;\">Indic\u00f3 que existen muchos factores que explican el desfase, pero que el Gobierno y la ministra de Salud, Pilar Mazzetti est\u00e1n dispuestos a aclarar las cifras.<\/span><\/p>\n","protected":false},"excerpt":{"rendered":"<p>El presidente del Consejo de Ministros se\u00f1al\u00f3 que el Gobierno realizar\u00e1 una campa\u00f1a de concientizaci\u00f3n. Lima, 20 Julio 2020, (ANDINA).- El presidente del Consejo de Ministros, Pedro Cateriano Bellido, se\u00f1al\u00f3 que el Gobierno realizar\u00e1 una campa\u00f1a de concientizaci\u00f3n sobre la importancia de respetar las normas sanitarias para evitar el incremento de contagios y muertes por [&hellip;]<\/p>\n","protected":false},"author":1,"featured_media":77860,"comment_status":"open","ping_status":"open","sticky":false,"template":"","format":"standard","meta":{"rop_custom_images_group":[],"rop_custom_messages_group":[],"rop_publish_now":"initial","rop_publish_now_accounts":[],"rop_publish_now_history":[],"rop_publish_now_status":"pending","footnotes":""},"categories":[5],"tags":[5236,5364,189,1651],"class_list":["post-77996","post","type-post","status-publish","format-standard","has-post-thumbnail","hentry","category-actualidad-informativa","tag-coronavirus","tag-covid-19","tag-pcm","tag-pedro-cateriano"],"_links":{"self":[{"href":"https:\/\/elinformanteperu.com\/index.php\/wp-json\/wp\/v2\/posts\/77996","targetHints":{"allow":["GET"]}}],"collection":[{"href":"https:\/\/elinformanteperu.com\/index.php\/wp-json\/wp\/v2\/posts"}],"about":[{"href":"https:\/\/elinformanteperu.com\/index.php\/wp-json\/wp\/v2\/types\/post"}],"author":[{"embeddable":true,"href":"https:\/\/elinformanteperu.com\/index.php\/wp-json\/wp\/v2\/users\/1"}],"replies":[{"embeddable":true,"href":"https:\/\/elinformanteperu.com\/index.php\/wp-json\/wp\/v2\/comments?post=77996"}],"version-history":[{"count":1,"href":"https:\/\/elinformanteperu.com\/index.php\/wp-json\/wp\/v2\/posts\/77996\/revisions"}],"predecessor-version":[{"id":77997,"href":"https:\/\/elinformanteperu.com\/index.php\/wp-json\/wp\/v2\/posts\/77996\/revisions\/77997"}],"wp:featuredmedia":[{"embeddable":true,"href":"https:\/\/elinformanteperu.com\/index.php\/wp-json\/wp\/v2\/media\/77860"}],"wp:attachment":[{"href":"https:\/\/elinformanteperu.com\/index.php\/wp-json\/wp\/v2\/media?parent=77996"}],"wp:term":[{"taxonomy":"category","embeddable":true,"href":"https:\/\/elinformanteperu.com\/index.php\/wp-json\/wp\/v2\/categories?post=77996"},{"taxonomy":"post_tag","embeddable":true,"href":"https:\/\/elinformanteperu.com\/index.php\/wp-json\/wp\/v2\/tags?post=77996"}],"curies":[{"name":"wp","href":"https:\/\/api.w.org\/{rel}","templated":true}]}}