{"id":77969,"date":"2020-07-20T21:28:59","date_gmt":"2020-07-21T02:28:59","guid":{"rendered":"http:\/\/elinformanteperu.com\/?p=77969"},"modified":"2020-07-20T23:40:13","modified_gmt":"2020-07-21T04:40:13","slug":"cateriano-sobre-el-angel-del-oxigeno-de-sjm-fue-un-ejemplo-de-solidaridad","status":"publish","type":"post","link":"https:\/\/elinformanteperu.com\/index.php\/2020\/07\/20\/cateriano-sobre-el-angel-del-oxigeno-de-sjm-fue-un-ejemplo-de-solidaridad\/","title":{"rendered":"Cateriano sobre el \u00ab\u00e1ngel del ox\u00edgeno\u00bb de SJM: fue un ejemplo de solidaridad"},"content":{"rendered":"<p><strong><span style=\"color: #000000;\">El presidente del Consejo de Ministros expres\u00f3 su pesar por el fallecimiento de Mario Romero, conocido como el \u00ab\u00e1ngel del ox\u00edgeno\u00bb.<\/span><\/strong><\/p>\n<p><span style=\"color: #000000;\"><strong>Lima, 20 Julio 2020, (ANDINA).-<\/strong> El presidente del Consejo de Ministros, Pedro Cateriano, expres\u00f3 su pesar por el fallecimiento de Mario Romero, conocido como el \u00ab\u00e1ngel del ox\u00edgeno\u00bb de San Juan de Miraflores, por vender dicho insumo m\u00e9dico a un precio justo durante la pandemia del covid-19.<\/span><\/p>\n<p><span style=\"color: #000000;\">Mediante su cuenta en Twitter, el jefe del Gabinete extendi\u00f3 su condolencias a los deudos.<\/span><\/p>\n<p><span style=\"color: #000000;\">\u00abLamento el fallecimiento del se\u00f1or Mario Romero, ciudadano modelo y ejemplo de solidaridad con los necesitados. Mi sentido p\u00e9same a sus familiares y amigos\u00bb, escribi\u00f3.<\/span><\/p>\n<p><span style=\"color: #000000;\">Mario Romero falleci\u00f3 en la v\u00edspera en el hospital Guillermo Kaelin, a causa del covid-19.<\/span><\/p>\n<p><span style=\"color: #000000;\">El empresario hab\u00eda ingresado el pasado 2 de julio a Emergencias, con una semana de enfermedad y diagn\u00f3stico en cl\u00ednica particular de neumon\u00eda probable por covid-19.<\/span><\/p>\n<p><span style=\"color: #000000;\">Debido a su delicado estado de salud, fue trasladado a la Unidad de Cuidados Intensivos (UCI) el 9 de julio y un equipo de profesionales m\u00e9dicos estuvo a cargo de su cuidado.<\/span><\/p>\n<blockquote class=\"twitter-tweet\">\n<p dir=\"ltr\" lang=\"es\">Lamento el fallecimiento del se\u00f1or Mario Romero, ciudadano modelo y ejemplo de solidaridad con los necesitados.<br \/>\nMi sentido p\u00e9same a sus familiares y amigos.<\/p>\n<p>\u2014 Pedro Cateriano B (@PCaterianoB) <a href=\"https:\/\/twitter.com\/PCaterianoB\/status\/1285170155513880577?ref_src=twsrc%5Etfw\">July 20, 2020<\/a><\/p><\/blockquote>\n<p><script async src=\"https:\/\/platform.twitter.com\/widgets.js\" charset=\"utf-8\"><\/script><\/p>\n","protected":false},"excerpt":{"rendered":"<p>El presidente del Consejo de Ministros expres\u00f3 su pesar por el fallecimiento de Mario Romero, conocido como el \u00ab\u00e1ngel del ox\u00edgeno\u00bb. Lima, 20 Julio 2020, (ANDINA).- El presidente del Consejo de Ministros, Pedro Cateriano, expres\u00f3 su pesar por el fallecimiento de Mario Romero, conocido como el \u00ab\u00e1ngel del ox\u00edgeno\u00bb de San Juan de Miraflores, por [&hellip;]<\/p>\n","protected":false},"author":1,"featured_media":77651,"comment_status":"open","ping_status":"open","sticky":false,"template":"","format":"standard","meta":{"rop_custom_images_group":[],"rop_custom_messages_group":[],"rop_publish_now":"initial","rop_publish_now_accounts":[],"rop_publish_now_history":[],"rop_publish_now_status":"pending","footnotes":""},"categories":[5],"tags":[5969,5236,5364,189,1651,2317],"class_list":["post-77969","post","type-post","status-publish","format-standard","has-post-thumbnail","hentry","category-actualidad-informativa","tag-angel-del-oxigeno","tag-coronavirus","tag-covid-19","tag-pcm","tag-pedro-cateriano","tag-presidencia-del-consejo-de-ministros"],"_links":{"self":[{"href":"https:\/\/elinformanteperu.com\/index.php\/wp-json\/wp\/v2\/posts\/77969","targetHints":{"allow":["GET"]}}],"collection":[{"href":"https:\/\/elinformanteperu.com\/index.php\/wp-json\/wp\/v2\/posts"}],"about":[{"href":"https:\/\/elinformanteperu.com\/index.php\/wp-json\/wp\/v2\/types\/post"}],"author":[{"embeddable":true,"href":"https:\/\/elinformanteperu.com\/index.php\/wp-json\/wp\/v2\/users\/1"}],"replies":[{"embeddable":true,"href":"https:\/\/elinformanteperu.com\/index.php\/wp-json\/wp\/v2\/comments?post=77969"}],"version-history":[{"count":1,"href":"https:\/\/elinformanteperu.com\/index.php\/wp-json\/wp\/v2\/posts\/77969\/revisions"}],"predecessor-version":[{"id":77970,"href":"https:\/\/elinformanteperu.com\/index.php\/wp-json\/wp\/v2\/posts\/77969\/revisions\/77970"}],"wp:featuredmedia":[{"embeddable":true,"href":"https:\/\/elinformanteperu.com\/index.php\/wp-json\/wp\/v2\/media\/77651"}],"wp:attachment":[{"href":"https:\/\/elinformanteperu.com\/index.php\/wp-json\/wp\/v2\/media?parent=77969"}],"wp:term":[{"taxonomy":"category","embeddable":true,"href":"https:\/\/elinformanteperu.com\/index.php\/wp-json\/wp\/v2\/categories?post=77969"},{"taxonomy":"post_tag","embeddable":true,"href":"https:\/\/elinformanteperu.com\/index.php\/wp-json\/wp\/v2\/tags?post=77969"}],"curies":[{"name":"wp","href":"https:\/\/api.w.org\/{rel}","templated":true}]}}