{"id":77963,"date":"2020-07-20T21:09:27","date_gmt":"2020-07-21T02:09:27","guid":{"rendered":"http:\/\/elinformanteperu.com\/?p=77963"},"modified":"2020-07-20T21:09:27","modified_gmt":"2020-07-21T02:09:27","slug":"dolor-en-las-mamas-y-la-importancia-del-chequeo-para-detectar-a-tiempo-cualquier-anormalidad","status":"publish","type":"post","link":"https:\/\/elinformanteperu.com\/index.php\/2020\/07\/20\/dolor-en-las-mamas-y-la-importancia-del-chequeo-para-detectar-a-tiempo-cualquier-anormalidad\/","title":{"rendered":"Dolor en las mamas y la importancia del chequeo para detectar a tiempo cualquier anormalidad"},"content":{"rendered":"<p><strong><span style=\"color: #000000;\">Este s\u00edntoma est\u00e1 asociado en la mayor\u00eda de las veces a la mastodinia y mastalgia<\/span><\/strong><\/p>\n<p><span style=\"color: #000000;\"><strong>Lima, 20 Julio 2020, (El Informante Per\u00fa).-<\/strong> El dolor en las mamas puede surgir por diversas razones, algunas muy simples que no son motivo de preocupaci\u00f3n y otras m\u00e1s complejas que requieren de atenci\u00f3n m\u00e9dica especializada lo m\u00e1s pronto posible.<\/span><\/p>\n<p><span style=\"color: #000000;\">Sobre este tema, el Dr. Mauricio Le\u00f3n Rivera, director m\u00e9dico del Centro Detector del C\u00e1ncer y cirujano onc\u00f3logo de la Cl\u00ednica Ricardo Palma, explic\u00f3 que este s\u00edntoma casi siempre est\u00e1 asociado al ciclo menstrual de la mujer, denominado \u201cmastodinia\u201d, que por lo general comienza dos semanas antes del periodo y desaparece cuando \u00e9ste termina.<\/span><\/p>\n<p><span style=\"color: #000000;\">Por el contrario, el dolor no dependiente del ciclo llamada \u201cmastalgia\u201d puede producirse por los cambios de las gl\u00e1ndulas mamarias que pueden provocar el desarrollo de quistes hasta tumores tras un golpe o despu\u00e9s de una cirug\u00eda. Este cuadro cl\u00ednico se manifiesta con cierta frecuencia en la menopausia.<\/span><\/p>\n<p><span style=\"color: #000000;\">El especialista recomend\u00f3 a las mujeres que sienten dolor persistente por m\u00e1s de dos semanas deben acudir al mast\u00f3logo para una evaluaci\u00f3n f\u00edsica y determinar el origen de la molestia. Adem\u00e1s, de hacerse el autoexamen mamario todos los meses, diez d\u00edas despu\u00e9s del inicio del periodo, una ecograf\u00eda mamaria desde los 30 a\u00f1os y una mamograf\u00eda desde los 40 a\u00f1os en forma anual.<\/span><\/p>\n<p><span style=\"color: #000000;\">Cabe resaltar, que los chequeos m\u00e9dicos son importantes porque permitir\u00e1n detectar a tiempo cualquier anormalidad y brindar la mejor opci\u00f3n de tratamiento en forma oportuna.<\/span><\/p>\n","protected":false},"excerpt":{"rendered":"<p>Este s\u00edntoma est\u00e1 asociado en la mayor\u00eda de las veces a la mastodinia y mastalgia Lima, 20 Julio 2020, (El Informante Per\u00fa).- El dolor en las mamas puede surgir por diversas razones, algunas muy simples que no son motivo de preocupaci\u00f3n y otras m\u00e1s complejas que requieren de atenci\u00f3n m\u00e9dica especializada lo m\u00e1s pronto posible. [&hellip;]<\/p>\n","protected":false},"author":1,"featured_media":77964,"comment_status":"open","ping_status":"open","sticky":false,"template":"","format":"standard","meta":{"rop_custom_images_group":[],"rop_custom_messages_group":[],"rop_publish_now":"initial","rop_publish_now_accounts":[],"rop_publish_now_history":[],"rop_publish_now_status":"pending","footnotes":""},"categories":[10],"tags":[395,394],"class_list":["post-77963","post","type-post","status-publish","format-standard","has-post-thumbnail","hentry","category-actualidad-municipal","tag-clinica-ricardo-palma","tag-mauricio-leon-rivera"],"_links":{"self":[{"href":"https:\/\/elinformanteperu.com\/index.php\/wp-json\/wp\/v2\/posts\/77963","targetHints":{"allow":["GET"]}}],"collection":[{"href":"https:\/\/elinformanteperu.com\/index.php\/wp-json\/wp\/v2\/posts"}],"about":[{"href":"https:\/\/elinformanteperu.com\/index.php\/wp-json\/wp\/v2\/types\/post"}],"author":[{"embeddable":true,"href":"https:\/\/elinformanteperu.com\/index.php\/wp-json\/wp\/v2\/users\/1"}],"replies":[{"embeddable":true,"href":"https:\/\/elinformanteperu.com\/index.php\/wp-json\/wp\/v2\/comments?post=77963"}],"version-history":[{"count":1,"href":"https:\/\/elinformanteperu.com\/index.php\/wp-json\/wp\/v2\/posts\/77963\/revisions"}],"predecessor-version":[{"id":77965,"href":"https:\/\/elinformanteperu.com\/index.php\/wp-json\/wp\/v2\/posts\/77963\/revisions\/77965"}],"wp:featuredmedia":[{"embeddable":true,"href":"https:\/\/elinformanteperu.com\/index.php\/wp-json\/wp\/v2\/media\/77964"}],"wp:attachment":[{"href":"https:\/\/elinformanteperu.com\/index.php\/wp-json\/wp\/v2\/media?parent=77963"}],"wp:term":[{"taxonomy":"category","embeddable":true,"href":"https:\/\/elinformanteperu.com\/index.php\/wp-json\/wp\/v2\/categories?post=77963"},{"taxonomy":"post_tag","embeddable":true,"href":"https:\/\/elinformanteperu.com\/index.php\/wp-json\/wp\/v2\/tags?post=77963"}],"curies":[{"name":"wp","href":"https:\/\/api.w.org\/{rel}","templated":true}]}}