{"id":77717,"date":"2020-07-17T00:26:36","date_gmt":"2020-07-17T05:26:36","guid":{"rendered":"http:\/\/elinformanteperu.com\/?p=77717"},"modified":"2020-07-17T00:26:36","modified_gmt":"2020-07-17T05:26:36","slug":"fiscal-de-la-nacion-nombra-a-fiscal-suprema-maisch-molina-en-reemplazo-de-tomas-galvez","status":"publish","type":"post","link":"https:\/\/elinformanteperu.com\/index.php\/2020\/07\/17\/fiscal-de-la-nacion-nombra-a-fiscal-suprema-maisch-molina-en-reemplazo-de-tomas-galvez\/","title":{"rendered":"Fiscal de la Naci\u00f3n nombra a fiscal suprema Maisch Molina en reemplazo de Tom\u00e1s G\u00e1lvez"},"content":{"rendered":"<p><strong><span style=\"color: #000000;\">Zoraida \u00c1valos, dio cumplimiento a la decisi\u00f3n de la Junta Nacional de Justicia.<\/span><\/strong><\/p>\n<p><span style=\"color: #000000;\"><strong>Lima, 16 Julio 2020, (ANDINA).-<\/strong> La fiscal de la Naci\u00f3n, Zoraida \u00c1valos, dio cumplimiento a la decisi\u00f3n de la Junta Nacional de Justicia de suspender por un periodo de seis meses al fiscal supremo Tom\u00e1s G\u00e1lvez Villegas, a quien reemplaz\u00f3 con la fiscal suprema Martha Maisch Molina.<\/span><\/p>\n<p><span style=\"color: #000000;\">De acuerdo a la Resoluci\u00f3n 797-2020-MP-FP, durante el tiempo que dure la medida cautelar de suspensi\u00f3n provisional G\u00e1lvez Villegas \u00abno podr\u00e1 ejercer las atribuciones propias de la condici\u00f3n de fiscal supremo establecidas en la Ley Org\u00e1nica del Ministerio P\u00fablico y cualquier otra inherente a dicho cargo\u00bb.<\/span><\/p>\n<p><span style=\"color: #000000;\">Por ello, se dispone el reemplazo de G\u00e1lvez en el despacho de la Fiscal\u00eda Suprema en lo Contencioso Administrativo por Maisch Molina, fiscal adjunta suprema titular. Ella quedar\u00e1 a cargo de dicha oficina por un plazo de seis meses.<\/span><\/p>\n<p><span style=\"color: #000000;\">Esta decisi\u00f3n, agrega la resoluci\u00f3n, ser\u00e1 notificada a la Corte Suprema de Justicia, la Junta Nacional de Justicia, las presidencias de las juntas de fiscales superiores de los distritos fiscales a escala nacional, las coordinaciones nacionales de las fiscal\u00edas especializadas, la gerencia general, Oficina General de Potencial Humano, Oficina de Registro y Evaluaci\u00f3n de Fiscales y a la fiscal designada.<\/span><\/p>\n<p><span style=\"color: #000000;\">G\u00e1lvez fue suspendido preventivamente por la JNJ, mientras contin\u00faan las investigaciones en su contra por su presunta participaci\u00f3n en la denominada organizaci\u00f3n criminal los Cuellos Blancos del Puerto.<\/span><\/p>\n<p><span style=\"color: #000000;\">La JNJ hab\u00eda recibido los descargos del fiscal supremo, a quien se le sigue un proceso disciplinario inmediato.<\/span><\/p>\n","protected":false},"excerpt":{"rendered":"<p>Zoraida \u00c1valos, dio cumplimiento a la decisi\u00f3n de la Junta Nacional de Justicia. Lima, 16 Julio 2020, (ANDINA).- La fiscal de la Naci\u00f3n, Zoraida \u00c1valos, dio cumplimiento a la decisi\u00f3n de la Junta Nacional de Justicia de suspender por un periodo de seis meses al fiscal supremo Tom\u00e1s G\u00e1lvez Villegas, a quien reemplaz\u00f3 con la [&hellip;]<\/p>\n","protected":false},"author":1,"featured_media":21613,"comment_status":"open","ping_status":"open","sticky":false,"template":"","format":"standard","meta":{"rop_custom_images_group":[],"rop_custom_messages_group":[],"rop_publish_now":"initial","rop_publish_now_accounts":[],"rop_publish_now_history":[],"rop_publish_now_status":"pending","footnotes":""},"categories":[5],"tags":[430,3693,3573,3438,3426],"class_list":["post-77717","post","type-post","status-publish","format-standard","has-post-thumbnail","hentry","category-actualidad-informativa","tag-fiscalia","tag-jnj","tag-junta-nacional-de-justicia","tag-tomas-galvez","tag-zoraida-avalos"],"_links":{"self":[{"href":"https:\/\/elinformanteperu.com\/index.php\/wp-json\/wp\/v2\/posts\/77717","targetHints":{"allow":["GET"]}}],"collection":[{"href":"https:\/\/elinformanteperu.com\/index.php\/wp-json\/wp\/v2\/posts"}],"about":[{"href":"https:\/\/elinformanteperu.com\/index.php\/wp-json\/wp\/v2\/types\/post"}],"author":[{"embeddable":true,"href":"https:\/\/elinformanteperu.com\/index.php\/wp-json\/wp\/v2\/users\/1"}],"replies":[{"embeddable":true,"href":"https:\/\/elinformanteperu.com\/index.php\/wp-json\/wp\/v2\/comments?post=77717"}],"version-history":[{"count":1,"href":"https:\/\/elinformanteperu.com\/index.php\/wp-json\/wp\/v2\/posts\/77717\/revisions"}],"predecessor-version":[{"id":77718,"href":"https:\/\/elinformanteperu.com\/index.php\/wp-json\/wp\/v2\/posts\/77717\/revisions\/77718"}],"wp:featuredmedia":[{"embeddable":true,"href":"https:\/\/elinformanteperu.com\/index.php\/wp-json\/wp\/v2\/media\/21613"}],"wp:attachment":[{"href":"https:\/\/elinformanteperu.com\/index.php\/wp-json\/wp\/v2\/media?parent=77717"}],"wp:term":[{"taxonomy":"category","embeddable":true,"href":"https:\/\/elinformanteperu.com\/index.php\/wp-json\/wp\/v2\/categories?post=77717"},{"taxonomy":"post_tag","embeddable":true,"href":"https:\/\/elinformanteperu.com\/index.php\/wp-json\/wp\/v2\/tags?post=77717"}],"curies":[{"name":"wp","href":"https:\/\/api.w.org\/{rel}","templated":true}]}}