{"id":77603,"date":"2020-07-15T19:25:47","date_gmt":"2020-07-16T00:25:47","guid":{"rendered":"http:\/\/elinformanteperu.com\/?p=77603"},"modified":"2020-07-15T19:25:47","modified_gmt":"2020-07-16T00:25:47","slug":"alcalde-de-lima-se-garantiza-servicio-de-corredores-sin-incrementar-el-precio-de-pasaje","status":"publish","type":"post","link":"https:\/\/elinformanteperu.com\/index.php\/2020\/07\/15\/alcalde-de-lima-se-garantiza-servicio-de-corredores-sin-incrementar-el-precio-de-pasaje\/","title":{"rendered":"Alcalde de Lima: Se garantiza servicio de corredores sin incrementar el precio de pasaje"},"content":{"rendered":"<p><strong><span style=\"color: #000000;\">Se logr\u00f3 acuerdo con el Ministerio de Econom\u00eda para subsidiar tarifa<\/span><\/strong><\/p>\n<p><span style=\"color: #000000;\"><strong>Lima, 15 Julio 2020, (ANDINA).-<\/strong> El alcalde de Lima, Jorge Mu\u00f1oz, anunci\u00f3 que se ha logrado asegurar la continuidad de los corredores complementarios gracias a la subvenci\u00f3n de los pasajes de quienes usan este servicio de transporte.<\/span><\/p>\n<p><span style=\"color: #000000;\">En conferencia de prensa en el palacio municipal, detall\u00f3 que se ha logrado un acuerdo importante entre el Ministerio de Econom\u00eda y Finanzas (MEF) y los concesionarios de los corredores para cubrir los costos de sus operaciones diarias y as\u00ed no afectar a la poblaci\u00f3n.<\/span><\/p>\n<p><span style=\"color: #000000;\">Detall\u00f3 que gracias a diversas conversaciones con el gobierno central se han podido establecer los mecanismos legales que aseguren la continuidad del servicio como ha venido operando desde el d\u00eda uno del estado de emergencia.<\/span><\/p>\n<p><span style=\"color: #000000;\">El burgomaestre coment\u00f3 que durante la reuni\u00f3n de ayer con la ministra de econom\u00eda, Mar\u00eda Antonieta Alva, se logr\u00f3 establecer un subsidio hacia el usuario que ser\u00e1 incluido en los acuerdos con los transportistas gracias a una adenda a los contratos de concesi\u00f3n.<\/span><\/p>\n<p><span style=\"color: #000000;\">\u201cAnunciamos hoy que se garantiza el servicio y no se sube el precio de la tarifa. El MEF ha establecido lo que se va a trabajar como una tarifa covid, con una subvenci\u00f3n no a las empresas, sino al ciudadano. Lo que debe cobrar de m\u00e1s, producto de esta situaci\u00f3n, ser\u00e1 asumido por el estado peruano\u201d<\/span><\/p>\n<p><span style=\"color: #000000;\">Adelant\u00f3 que se est\u00e1 buscando que el acuerdo con el gobierno central sea efectivo lo m\u00e1s pronto posible para no afectar a la poblaci\u00f3n y a las empresas de transporte.<\/span><\/p>\n<p><span style=\"color: #000000;\">\u201cQuiero agradecer la buena voluntad de los corredores y de quienes manejan el Metropolitano porque todos han puesto de su parte para lograr una soluci\u00f3n, as\u00ed como del MEF y del gobierno central en general\u201d, coment\u00f3.<\/span><\/p>\n","protected":false},"excerpt":{"rendered":"<p>Se logr\u00f3 acuerdo con el Ministerio de Econom\u00eda para subsidiar tarifa Lima, 15 Julio 2020, (ANDINA).- El alcalde de Lima, Jorge Mu\u00f1oz, anunci\u00f3 que se ha logrado asegurar la continuidad de los corredores complementarios gracias a la subvenci\u00f3n de los pasajes de quienes usan este servicio de transporte. En conferencia de prensa en el palacio [&hellip;]<\/p>\n","protected":false},"author":1,"featured_media":77604,"comment_status":"open","ping_status":"open","sticky":false,"template":"","format":"standard","meta":{"rop_custom_images_group":[],"rop_custom_messages_group":[],"rop_publish_now":"initial","rop_publish_now_accounts":[],"rop_publish_now_history":[],"rop_publish_now_status":"pending","footnotes":""},"categories":[10],"tags":[3476,1613,4900,315,825],"class_list":["post-77603","post","type-post","status-publish","format-standard","has-post-thumbnail","hentry","category-actualidad-municipal","tag-jorge-munoz","tag-lima","tag-maria-antonieta-alva","tag-mef","tag-metropolitano"],"_links":{"self":[{"href":"https:\/\/elinformanteperu.com\/index.php\/wp-json\/wp\/v2\/posts\/77603","targetHints":{"allow":["GET"]}}],"collection":[{"href":"https:\/\/elinformanteperu.com\/index.php\/wp-json\/wp\/v2\/posts"}],"about":[{"href":"https:\/\/elinformanteperu.com\/index.php\/wp-json\/wp\/v2\/types\/post"}],"author":[{"embeddable":true,"href":"https:\/\/elinformanteperu.com\/index.php\/wp-json\/wp\/v2\/users\/1"}],"replies":[{"embeddable":true,"href":"https:\/\/elinformanteperu.com\/index.php\/wp-json\/wp\/v2\/comments?post=77603"}],"version-history":[{"count":1,"href":"https:\/\/elinformanteperu.com\/index.php\/wp-json\/wp\/v2\/posts\/77603\/revisions"}],"predecessor-version":[{"id":77605,"href":"https:\/\/elinformanteperu.com\/index.php\/wp-json\/wp\/v2\/posts\/77603\/revisions\/77605"}],"wp:featuredmedia":[{"embeddable":true,"href":"https:\/\/elinformanteperu.com\/index.php\/wp-json\/wp\/v2\/media\/77604"}],"wp:attachment":[{"href":"https:\/\/elinformanteperu.com\/index.php\/wp-json\/wp\/v2\/media?parent=77603"}],"wp:term":[{"taxonomy":"category","embeddable":true,"href":"https:\/\/elinformanteperu.com\/index.php\/wp-json\/wp\/v2\/categories?post=77603"},{"taxonomy":"post_tag","embeddable":true,"href":"https:\/\/elinformanteperu.com\/index.php\/wp-json\/wp\/v2\/tags?post=77603"}],"curies":[{"name":"wp","href":"https:\/\/api.w.org\/{rel}","templated":true}]}}