{"id":77585,"date":"2020-07-15T19:00:42","date_gmt":"2020-07-16T00:00:42","guid":{"rendered":"http:\/\/elinformanteperu.com\/?p=77585"},"modified":"2020-07-15T19:00:42","modified_gmt":"2020-07-16T00:00:42","slug":"coronavirus-hospital-de-villa-el-salvador-inicia-elaboracion-de-ivermectina","status":"publish","type":"post","link":"https:\/\/elinformanteperu.com\/index.php\/2020\/07\/15\/coronavirus-hospital-de-villa-el-salvador-inicia-elaboracion-de-ivermectina\/","title":{"rendered":"Coronavirus: Hospital de Villa el Salvador inicia elaboraci\u00f3n de ivermectina"},"content":{"rendered":"<p><strong><span style=\"color: #000000;\">Medicamento sirve para tratar el covid-19 en su etapa temprana<\/span><\/strong><\/p>\n<p><span style=\"color: #000000;\"><strong>Lima, 15 Julio 2020, (ANDINA).-<\/strong> El Hospital de Emergencias Villa el Salvador (HEVES) ya tiene listo el primer lote de ivermectina, elaborada completamente por su equipo de farmacia y que beneficiar\u00e1 a m\u00e1s de 2,500 pacientes mensuales que requieren este medicamento para tratar el covid-19 en su etapa inicial, inform\u00f3 el Ministerio de Salud (Minsa).<\/span><\/p>\n<p><span style=\"color: #000000;\">El director del HEVES, Carlos Le\u00f3n G\u00f3mez, detall\u00f3 que la iniciativa tiene una inversi\u00f3n aproximada de 27,000 soles en insumos y material de laboratorio. Adem\u00e1s, se\u00f1al\u00f3 que elaboraci\u00f3n est\u00e1 siendo asumida por el mismo equipo qu\u00edmico farmac\u00e9utico del nosocomio.<\/span><\/p>\n<p><span style=\"color: #000000;\">\u201cGracias a esta iniciativa, el hospital busca brindar acceso oportuno al tratamiento de pacientes con covid-19 en base a los protocolos aprobados por el Minsa, otorgando un ahorro significativo a los pacientes que requieran tratamiento; as\u00ed como optimizando costos por la adquisici\u00f3n de este importante medicamento\u201d, refiri\u00f3.<\/span><\/p>\n<p><span style=\"color: #000000;\">Agreg\u00f3 que se estima una producci\u00f3n diaria de cien frascos de ivermectina de 6mg\/mL (equivalente a 200 gotas) que se usar\u00e1 en los pacientes que acudan por tratamiento al establecimiento de salud y su producci\u00f3n ser\u00e1 graduable en funci\u00f3n de la demanda de los pacientes.<\/span><\/p>\n<p><span style=\"color: #000000;\">\u201cLos pacientes asegurados al Seguro Integral de Salud (SIS) lo recibir\u00e1n de manera gratuita\u201d, se\u00f1al\u00f3.<\/span><\/p>\n<p><span style=\"color: #000000;\">Cabe mencionar que el Minsa ha insertado y oficializado el uso de la ivermectina, en el Documento y Protocolo T\u00e9cnico: \u201cPrevenci\u00f3n, Diagn\u00f3stico y Tratamiento de Personas afectadas por covid-19, en el Per\u00fa\u201d con Resoluci\u00f3n Ministerial 270-2020-MINSA.<\/span><\/p>\n","protected":false},"excerpt":{"rendered":"<p>Medicamento sirve para tratar el covid-19 en su etapa temprana Lima, 15 Julio 2020, (ANDINA).- El Hospital de Emergencias Villa el Salvador (HEVES) ya tiene listo el primer lote de ivermectina, elaborada completamente por su equipo de farmacia y que beneficiar\u00e1 a m\u00e1s de 2,500 pacientes mensuales que requieren este medicamento para tratar el covid-19 [&hellip;]<\/p>\n","protected":false},"author":1,"featured_media":77586,"comment_status":"open","ping_status":"open","sticky":false,"template":"","format":"standard","meta":{"rop_custom_images_group":[],"rop_custom_messages_group":[],"rop_publish_now":"initial","rop_publish_now_accounts":[],"rop_publish_now_history":[],"rop_publish_now_status":"pending","footnotes":""},"categories":[10],"tags":[5236,5364,5802,388,431],"class_list":["post-77585","post","type-post","status-publish","format-standard","has-post-thumbnail","hentry","category-actualidad-municipal","tag-coronavirus","tag-covid-19","tag-ivermectina","tag-ministerio-de-salud","tag-minsa"],"_links":{"self":[{"href":"https:\/\/elinformanteperu.com\/index.php\/wp-json\/wp\/v2\/posts\/77585","targetHints":{"allow":["GET"]}}],"collection":[{"href":"https:\/\/elinformanteperu.com\/index.php\/wp-json\/wp\/v2\/posts"}],"about":[{"href":"https:\/\/elinformanteperu.com\/index.php\/wp-json\/wp\/v2\/types\/post"}],"author":[{"embeddable":true,"href":"https:\/\/elinformanteperu.com\/index.php\/wp-json\/wp\/v2\/users\/1"}],"replies":[{"embeddable":true,"href":"https:\/\/elinformanteperu.com\/index.php\/wp-json\/wp\/v2\/comments?post=77585"}],"version-history":[{"count":1,"href":"https:\/\/elinformanteperu.com\/index.php\/wp-json\/wp\/v2\/posts\/77585\/revisions"}],"predecessor-version":[{"id":77587,"href":"https:\/\/elinformanteperu.com\/index.php\/wp-json\/wp\/v2\/posts\/77585\/revisions\/77587"}],"wp:featuredmedia":[{"embeddable":true,"href":"https:\/\/elinformanteperu.com\/index.php\/wp-json\/wp\/v2\/media\/77586"}],"wp:attachment":[{"href":"https:\/\/elinformanteperu.com\/index.php\/wp-json\/wp\/v2\/media?parent=77585"}],"wp:term":[{"taxonomy":"category","embeddable":true,"href":"https:\/\/elinformanteperu.com\/index.php\/wp-json\/wp\/v2\/categories?post=77585"},{"taxonomy":"post_tag","embeddable":true,"href":"https:\/\/elinformanteperu.com\/index.php\/wp-json\/wp\/v2\/tags?post=77585"}],"curies":[{"name":"wp","href":"https:\/\/api.w.org\/{rel}","templated":true}]}}