{"id":77582,"date":"2020-07-15T18:55:49","date_gmt":"2020-07-15T23:55:49","guid":{"rendered":"http:\/\/elinformanteperu.com\/?p=77582"},"modified":"2020-07-15T18:55:49","modified_gmt":"2020-07-15T23:55:49","slug":"pilar-mazzetti-juro-como-ministra-de-salud","status":"publish","type":"post","link":"https:\/\/elinformanteperu.com\/index.php\/2020\/07\/15\/pilar-mazzetti-juro-como-ministra-de-salud\/","title":{"rendered":"Pilar Mazzetti jur\u00f3 como ministra de Salud"},"content":{"rendered":"<p><strong><span style=\"color: #000000;\">En ceremonia realizada en Palacio de Gobierno.<\/span><\/strong><\/p>\n<p><span style=\"color: #000000;\"><strong>Lima, 15 Julio 2020, (ANDINA).-<\/strong> Pilar Mazzetti jur\u00f3 como nueva ministra de Salud ante el presidente Mart\u00edn Vizcarra, en ceremonia realizada en Palacio de Gobierno.<\/span><\/p>\n<p><span style=\"color: #000000;\">Pilar Mazzetti, quien se desempe\u00f1aba como jefa del Comando de Operaciones Covid-19, reemplaza en el cargo a V\u00edctor Zamora.<\/span><\/p>\n<blockquote class=\"twitter-tweet\">\n<p dir=\"ltr\" lang=\"es\">\ud83d\udcc4 Conoce la hoja de vida de Pilar Mazzetti Soler, quien asume el cargo de ministra de Salud.<a href=\"https:\/\/twitter.com\/hashtag\/GabineteCateriano?src=hash&amp;ref_src=twsrc%5Etfw\">#GabineteCateriano<\/a> <a href=\"https:\/\/t.co\/BwAgGW589C\">pic.twitter.com\/BwAgGW589C<\/a><\/p>\n<p>\u2014 Consejo de Ministros (@pcmperu) <a href=\"https:\/\/twitter.com\/pcmperu\/status\/1283440560934735872?ref_src=twsrc%5Etfw\">July 15, 2020<\/a><\/p><\/blockquote>\n<p><script async src=\"https:\/\/platform.twitter.com\/widgets.js\" charset=\"utf-8\"><\/script><\/p>\n","protected":false},"excerpt":{"rendered":"<p>En ceremonia realizada en Palacio de Gobierno. Lima, 15 Julio 2020, (ANDINA).- Pilar Mazzetti jur\u00f3 como nueva ministra de Salud ante el presidente Mart\u00edn Vizcarra, en ceremonia realizada en Palacio de Gobierno. Pilar Mazzetti, quien se desempe\u00f1aba como jefa del Comando de Operaciones Covid-19, reemplaza en el cargo a V\u00edctor Zamora. \ud83d\udcc4 Conoce la hoja [&hellip;]<\/p>\n","protected":false},"author":1,"featured_media":77583,"comment_status":"open","ping_status":"open","sticky":false,"template":"","format":"standard","meta":{"rop_custom_images_group":[],"rop_custom_messages_group":[],"rop_publish_now":"initial","rop_publish_now_accounts":[],"rop_publish_now_history":[],"rop_publish_now_status":"pending","footnotes":""},"categories":[10],"tags":[388,431,5400],"class_list":["post-77582","post","type-post","status-publish","format-standard","has-post-thumbnail","hentry","category-actualidad-municipal","tag-ministerio-de-salud","tag-minsa","tag-pilar-mazzetti"],"_links":{"self":[{"href":"https:\/\/elinformanteperu.com\/index.php\/wp-json\/wp\/v2\/posts\/77582","targetHints":{"allow":["GET"]}}],"collection":[{"href":"https:\/\/elinformanteperu.com\/index.php\/wp-json\/wp\/v2\/posts"}],"about":[{"href":"https:\/\/elinformanteperu.com\/index.php\/wp-json\/wp\/v2\/types\/post"}],"author":[{"embeddable":true,"href":"https:\/\/elinformanteperu.com\/index.php\/wp-json\/wp\/v2\/users\/1"}],"replies":[{"embeddable":true,"href":"https:\/\/elinformanteperu.com\/index.php\/wp-json\/wp\/v2\/comments?post=77582"}],"version-history":[{"count":1,"href":"https:\/\/elinformanteperu.com\/index.php\/wp-json\/wp\/v2\/posts\/77582\/revisions"}],"predecessor-version":[{"id":77584,"href":"https:\/\/elinformanteperu.com\/index.php\/wp-json\/wp\/v2\/posts\/77582\/revisions\/77584"}],"wp:featuredmedia":[{"embeddable":true,"href":"https:\/\/elinformanteperu.com\/index.php\/wp-json\/wp\/v2\/media\/77583"}],"wp:attachment":[{"href":"https:\/\/elinformanteperu.com\/index.php\/wp-json\/wp\/v2\/media?parent=77582"}],"wp:term":[{"taxonomy":"category","embeddable":true,"href":"https:\/\/elinformanteperu.com\/index.php\/wp-json\/wp\/v2\/categories?post=77582"},{"taxonomy":"post_tag","embeddable":true,"href":"https:\/\/elinformanteperu.com\/index.php\/wp-json\/wp\/v2\/tags?post=77582"}],"curies":[{"name":"wp","href":"https:\/\/api.w.org\/{rel}","templated":true}]}}