{"id":77579,"date":"2020-07-15T18:08:29","date_gmt":"2020-07-15T23:08:29","guid":{"rendered":"http:\/\/elinformanteperu.com\/?p=77579"},"modified":"2020-07-15T18:08:29","modified_gmt":"2020-07-15T23:08:29","slug":"jorge-montoya-es-el-nuevo-ministro-del-interior","status":"publish","type":"post","link":"https:\/\/elinformanteperu.com\/index.php\/2020\/07\/15\/jorge-montoya-es-el-nuevo-ministro-del-interior\/","title":{"rendered":"Jorge Montoya es el nuevo ministro del Interior"},"content":{"rendered":"<p><strong><span style=\"color: #000000;\">Jur\u00f3 ante el presidente Mart\u00edn Vizcarra, en Palacio de Gobierno.<\/span><\/strong><\/p>\n<p><span style=\"color: #000000;\"><strong>Lima, 15 Julio 2020, (ANDINA).-<\/strong> Jorge Eduardo Montoya P\u00e9rez jur\u00f3 como nuevo ministro del Interior, ante el presidente Mart\u00edn Vizcarra, en Palacio de Gobierno.<\/span><\/p>\n<p><span style=\"color: #000000;\">Jorge Montoya reemplazar\u00e1 en el cargo a Gast\u00f3n Rodr\u00edguez.<\/span><\/p>\n<p><span style=\"color: #000000;\">El flamante ministro del Interior es teniente general de la Fuerza A\u00e9rea del Per\u00fa y licenciado en Ciencias de la Administraci\u00f3n Aeroespacial de la Escuela de Oficiales de la Fuerza A\u00e9rea del Per\u00fa.<\/span><\/p>\n<blockquote class=\"twitter-tweet\">\n<p dir=\"ltr\" lang=\"es\">\ud83d\udcc4 Conoce la hoja de vida de Jorge Montoya P\u00e9rez, quien asume el cargo de ministro del Interior.<a href=\"https:\/\/twitter.com\/hashtag\/GabineteCateriano?src=hash&amp;ref_src=twsrc%5Etfw\">#GabineteCateriano<\/a> <a href=\"https:\/\/t.co\/jt1oKzphNp\">pic.twitter.com\/jt1oKzphNp<\/a><\/p>\n<p>\u2014 Consejo de Ministros (@pcmperu) <a href=\"https:\/\/twitter.com\/pcmperu\/status\/1283439337791684608?ref_src=twsrc%5Etfw\">July 15, 2020<\/a><\/p><\/blockquote>\n<p><script async src=\"https:\/\/platform.twitter.com\/widgets.js\" charset=\"utf-8\"><\/script><\/p>\n","protected":false},"excerpt":{"rendered":"<p>Jur\u00f3 ante el presidente Mart\u00edn Vizcarra, en Palacio de Gobierno. Lima, 15 Julio 2020, (ANDINA).- Jorge Eduardo Montoya P\u00e9rez jur\u00f3 como nuevo ministro del Interior, ante el presidente Mart\u00edn Vizcarra, en Palacio de Gobierno. Jorge Montoya reemplazar\u00e1 en el cargo a Gast\u00f3n Rodr\u00edguez. El flamante ministro del Interior es teniente general de la Fuerza A\u00e9rea [&hellip;]<\/p>\n","protected":false},"author":1,"featured_media":77580,"comment_status":"open","ping_status":"open","sticky":false,"template":"","format":"standard","meta":{"rop_custom_images_group":[],"rop_custom_messages_group":[],"rop_publish_now":"initial","rop_publish_now_accounts":[],"rop_publish_now_history":[],"rop_publish_now_status":"pending","footnotes":""},"categories":[10],"tags":[5953,401],"class_list":["post-77579","post","type-post","status-publish","format-standard","has-post-thumbnail","hentry","category-actualidad-municipal","tag-jorge-montoya","tag-mininter"],"_links":{"self":[{"href":"https:\/\/elinformanteperu.com\/index.php\/wp-json\/wp\/v2\/posts\/77579","targetHints":{"allow":["GET"]}}],"collection":[{"href":"https:\/\/elinformanteperu.com\/index.php\/wp-json\/wp\/v2\/posts"}],"about":[{"href":"https:\/\/elinformanteperu.com\/index.php\/wp-json\/wp\/v2\/types\/post"}],"author":[{"embeddable":true,"href":"https:\/\/elinformanteperu.com\/index.php\/wp-json\/wp\/v2\/users\/1"}],"replies":[{"embeddable":true,"href":"https:\/\/elinformanteperu.com\/index.php\/wp-json\/wp\/v2\/comments?post=77579"}],"version-history":[{"count":1,"href":"https:\/\/elinformanteperu.com\/index.php\/wp-json\/wp\/v2\/posts\/77579\/revisions"}],"predecessor-version":[{"id":77581,"href":"https:\/\/elinformanteperu.com\/index.php\/wp-json\/wp\/v2\/posts\/77579\/revisions\/77581"}],"wp:featuredmedia":[{"embeddable":true,"href":"https:\/\/elinformanteperu.com\/index.php\/wp-json\/wp\/v2\/media\/77580"}],"wp:attachment":[{"href":"https:\/\/elinformanteperu.com\/index.php\/wp-json\/wp\/v2\/media?parent=77579"}],"wp:term":[{"taxonomy":"category","embeddable":true,"href":"https:\/\/elinformanteperu.com\/index.php\/wp-json\/wp\/v2\/categories?post=77579"},{"taxonomy":"post_tag","embeddable":true,"href":"https:\/\/elinformanteperu.com\/index.php\/wp-json\/wp\/v2\/tags?post=77579"}],"curies":[{"name":"wp","href":"https:\/\/api.w.org\/{rel}","templated":true}]}}