{"id":77573,"date":"2020-07-15T17:55:03","date_gmt":"2020-07-15T22:55:03","guid":{"rendered":"http:\/\/elinformanteperu.com\/?p=77573"},"modified":"2020-07-15T17:55:03","modified_gmt":"2020-07-15T22:55:03","slug":"canete-28-pescadores-artesanales-con-covid-19-haran-cuarentena-en-cerro-azul","status":"publish","type":"post","link":"https:\/\/elinformanteperu.com\/index.php\/2020\/07\/15\/canete-28-pescadores-artesanales-con-covid-19-haran-cuarentena-en-cerro-azul\/","title":{"rendered":"Ca\u00f1ete: 28 pescadores artesanales con covid-19 har\u00e1n cuarentena en Cerro Azul"},"content":{"rendered":"<p><strong><span style=\"color: #000000;\">Fueron diagnosticados en campa\u00f1a de descarte impulsada por el gobierno regional de Lima<\/span><\/strong><\/p>\n<p><span style=\"color: #000000;\"><strong>Ca\u00f1ete, 15 Julio 2020, (ANDINA).-<\/strong> En la provincia de Ca\u00f1ete, 28 pescadores artesanales dieron positivo en las pruebas r\u00e1pidas de covid-19 que aplic\u00f3 el gobierno regional de Lima para el descarte de esta enfermedad en el distrito costero de Cerro Azul.<\/span><\/p>\n<p><span style=\"color: #000000;\">En total, se tomaron 152 pruebas en la jornada de hoy. Todos los contagiados fueron enviados a sus hogares, con la finalidad de mantenerse en confinamiento por 14 d\u00edas.<\/span><\/p>\n<p><span style=\"color: #000000;\">Los profesionales de la Red de Salud Ca\u00f1ete-Yauyos desarrollar\u00e1n un monitoreo constante de estos pacientes, quienes recibir\u00e1n tratamiento especializado y medicinas, de ser el caso, para vencer la enfermedad.<\/span><\/p>\n<p><span style=\"color: #000000;\">Los pescadores de esta parte del sur chico destacaron el apoyo del gobernador regional, Ricardo Chavarr\u00eda Oria, tanto para la detecci\u00f3n y atenci\u00f3n de casos positivos de covid-19, como para la reanudaci\u00f3n de las actividades pesqueras.<\/span><\/p>\n<p><strong><span style=\"color: #000000;\">Medidas de bioseguridad<\/span><\/strong><\/p>\n<p><span style=\"color: #000000;\">Los trabajadores se comprometieron a aplicar, en su faena diaria, los protocolos y medidas de bioseguridad, como la instalaci\u00f3n de m\u00f3dulos para el lavado de manos, la desinfecci\u00f3n de zapatos con soluciones de lej\u00eda. Adem\u00e1s, har\u00e1n respetar el uso de mascarillas y el distanciamiento social.<\/span><\/p>\n<p><span style=\"color: #000000;\">En la jornada, personal de salud administr\u00f3 la vacuna contra la influenza a este grupo de trabajadores del mar.<\/span><\/p>\n","protected":false},"excerpt":{"rendered":"<p>Fueron diagnosticados en campa\u00f1a de descarte impulsada por el gobierno regional de Lima Ca\u00f1ete, 15 Julio 2020, (ANDINA).- En la provincia de Ca\u00f1ete, 28 pescadores artesanales dieron positivo en las pruebas r\u00e1pidas de covid-19 que aplic\u00f3 el gobierno regional de Lima para el descarte de esta enfermedad en el distrito costero de Cerro Azul. En [&hellip;]<\/p>\n","protected":false},"author":1,"featured_media":77574,"comment_status":"open","ping_status":"open","sticky":false,"template":"","format":"standard","meta":{"rop_custom_images_group":[],"rop_custom_messages_group":[],"rop_publish_now":"initial","rop_publish_now_accounts":[],"rop_publish_now_history":[],"rop_publish_now_status":"pending","footnotes":""},"categories":[10],"tags":[4263,5236,5364],"class_list":["post-77573","post","type-post","status-publish","format-standard","has-post-thumbnail","hentry","category-actualidad-municipal","tag-canete","tag-coronavirus","tag-covid-19"],"_links":{"self":[{"href":"https:\/\/elinformanteperu.com\/index.php\/wp-json\/wp\/v2\/posts\/77573","targetHints":{"allow":["GET"]}}],"collection":[{"href":"https:\/\/elinformanteperu.com\/index.php\/wp-json\/wp\/v2\/posts"}],"about":[{"href":"https:\/\/elinformanteperu.com\/index.php\/wp-json\/wp\/v2\/types\/post"}],"author":[{"embeddable":true,"href":"https:\/\/elinformanteperu.com\/index.php\/wp-json\/wp\/v2\/users\/1"}],"replies":[{"embeddable":true,"href":"https:\/\/elinformanteperu.com\/index.php\/wp-json\/wp\/v2\/comments?post=77573"}],"version-history":[{"count":1,"href":"https:\/\/elinformanteperu.com\/index.php\/wp-json\/wp\/v2\/posts\/77573\/revisions"}],"predecessor-version":[{"id":77575,"href":"https:\/\/elinformanteperu.com\/index.php\/wp-json\/wp\/v2\/posts\/77573\/revisions\/77575"}],"wp:featuredmedia":[{"embeddable":true,"href":"https:\/\/elinformanteperu.com\/index.php\/wp-json\/wp\/v2\/media\/77574"}],"wp:attachment":[{"href":"https:\/\/elinformanteperu.com\/index.php\/wp-json\/wp\/v2\/media?parent=77573"}],"wp:term":[{"taxonomy":"category","embeddable":true,"href":"https:\/\/elinformanteperu.com\/index.php\/wp-json\/wp\/v2\/categories?post=77573"},{"taxonomy":"post_tag","embeddable":true,"href":"https:\/\/elinformanteperu.com\/index.php\/wp-json\/wp\/v2\/tags?post=77573"}],"curies":[{"name":"wp","href":"https:\/\/api.w.org\/{rel}","templated":true}]}}