{"id":77532,"date":"2020-07-14T23:48:26","date_gmt":"2020-07-15T04:48:26","guid":{"rendered":"http:\/\/elinformanteperu.com\/?p=77532"},"modified":"2020-07-14T23:48:26","modified_gmt":"2020-07-15T04:48:26","slug":"presentan-denuncia-contra-excongresistas-javier-velasquez-marvin-palma-y-edgar-alarcon","status":"publish","type":"post","link":"https:\/\/elinformanteperu.com\/index.php\/2020\/07\/14\/presentan-denuncia-contra-excongresistas-javier-velasquez-marvin-palma-y-edgar-alarcon\/","title":{"rendered":"Presentan denuncia contra excongresistas Javier Vel\u00e1squez, Marv\u00edn Palma y Edgar Alarc\u00f3n"},"content":{"rendered":"<p><strong><span style=\"color: #000000;\">La denuncia constitucional fue presentada por la fiscal de la Naci\u00f3n, Zoraida \u00c1valos<\/span><\/strong><\/p>\n<p><span style=\"color: #000000;\"><strong>Lima, 14 Julio 2020, (ANDINA).-<\/strong> La fiscal de la naci\u00f3n, Zoraida \u00c1valos, present\u00f3 una denuncia constitucional contra los excongresistas Javier Vel\u00e1squez Quesqu\u00e9n (Apra) y Jos\u00e9 Marvin Palma Mendoza (Fuerza Popular) y contra Edgar Alarc\u00f3n Tejada, en su calidad de ex contralor general de la Rep\u00fablica.<\/span><\/p>\n<p><span style=\"color: #000000;\">Seg\u00fan la tesis fiscal, Javier Vel\u00e1squez y Marvin Palma solicitaron, presuntamente, beneficios al ex alcalde Provincial de Chiclayo, David Cornejo Chinguel, para promover una reuni\u00f3n con el entonces contralor Edgar Alarc\u00f3n en busca de levantar el embargo de las cuentas de esa municipalidad.<\/span><\/p>\n<p><span style=\"color: #000000;\">Vel\u00e1squez y Palma fueron denunciados por el Ministerio P\u00fablico por la presunta comisi\u00f3n del delito de tr\u00e1fico de influencias.<\/span><\/p>\n<p><span style=\"color: #000000;\">En el caso de Alarc\u00f3n, quien es denunciado en su condici\u00f3n de excontralor de la Rep\u00fablica, la denuncia apunta a la presunta comisi\u00f3n del delito de cohecho pasivo propio.<\/span><\/p>\n<p><span style=\"color: #000000;\">Ambos delitos, es preciso indicar, responden a la tipificaci\u00f3n de los delitos cometidos por funcionarios.<\/span><\/p>\n<blockquote class=\"twitter-tweet\">\n<p dir=\"ltr\" lang=\"es\"><a href=\"https:\/\/twitter.com\/hashtag\/Urgente?src=hash&amp;ref_src=twsrc%5Etfw\">#Urgente<\/a> | La fiscal de la naci\u00f3n, Zoraida \u00c1valos, present\u00f3 una denuncia constitucional contra los excongresistas Javier Vel\u00e1squez Quesqu\u00e9n y Jos\u00e9 Marvin Palma Mendoza, y contra Edgar Alarc\u00f3n Tejada, en su calidad de ex contralor general de la Rep\u00fablica. <a href=\"https:\/\/t.co\/ShtvavJBnM\">pic.twitter.com\/ShtvavJBnM<\/a><\/p>\n<p>\u2014 Ministerio P\u00fablico (@FiscaliaPeru) <a href=\"https:\/\/twitter.com\/FiscaliaPeru\/status\/1283113038661459977?ref_src=twsrc%5Etfw\">July 14, 2020<\/a><\/p><\/blockquote>\n<p><script async src=\"https:\/\/platform.twitter.com\/widgets.js\" charset=\"utf-8\"><\/script><\/p>\n","protected":false},"excerpt":{"rendered":"<p>La denuncia constitucional fue presentada por la fiscal de la Naci\u00f3n, Zoraida \u00c1valos Lima, 14 Julio 2020, (ANDINA).- La fiscal de la naci\u00f3n, Zoraida \u00c1valos, present\u00f3 una denuncia constitucional contra los excongresistas Javier Vel\u00e1squez Quesqu\u00e9n (Apra) y Jos\u00e9 Marvin Palma Mendoza (Fuerza Popular) y contra Edgar Alarc\u00f3n Tejada, en su calidad de ex contralor general [&hellip;]<\/p>\n","protected":false},"author":1,"featured_media":77533,"comment_status":"open","ping_status":"open","sticky":false,"template":"","format":"standard","meta":{"rop_custom_images_group":[],"rop_custom_messages_group":[],"rop_publish_now":"initial","rop_publish_now_accounts":[],"rop_publish_now_history":[],"rop_publish_now_status":"pending","footnotes":""},"categories":[5],"tags":[855,430,1100,4856,3426],"class_list":["post-77532","post","type-post","status-publish","format-standard","has-post-thumbnail","hentry","category-actualidad-informativa","tag-edgar-alarcon","tag-fiscalia","tag-javier-velasquez-quesquen","tag-jose-marvin-palma","tag-zoraida-avalos"],"_links":{"self":[{"href":"https:\/\/elinformanteperu.com\/index.php\/wp-json\/wp\/v2\/posts\/77532","targetHints":{"allow":["GET"]}}],"collection":[{"href":"https:\/\/elinformanteperu.com\/index.php\/wp-json\/wp\/v2\/posts"}],"about":[{"href":"https:\/\/elinformanteperu.com\/index.php\/wp-json\/wp\/v2\/types\/post"}],"author":[{"embeddable":true,"href":"https:\/\/elinformanteperu.com\/index.php\/wp-json\/wp\/v2\/users\/1"}],"replies":[{"embeddable":true,"href":"https:\/\/elinformanteperu.com\/index.php\/wp-json\/wp\/v2\/comments?post=77532"}],"version-history":[{"count":1,"href":"https:\/\/elinformanteperu.com\/index.php\/wp-json\/wp\/v2\/posts\/77532\/revisions"}],"predecessor-version":[{"id":77534,"href":"https:\/\/elinformanteperu.com\/index.php\/wp-json\/wp\/v2\/posts\/77532\/revisions\/77534"}],"wp:featuredmedia":[{"embeddable":true,"href":"https:\/\/elinformanteperu.com\/index.php\/wp-json\/wp\/v2\/media\/77533"}],"wp:attachment":[{"href":"https:\/\/elinformanteperu.com\/index.php\/wp-json\/wp\/v2\/media?parent=77532"}],"wp:term":[{"taxonomy":"category","embeddable":true,"href":"https:\/\/elinformanteperu.com\/index.php\/wp-json\/wp\/v2\/categories?post=77532"},{"taxonomy":"post_tag","embeddable":true,"href":"https:\/\/elinformanteperu.com\/index.php\/wp-json\/wp\/v2\/tags?post=77532"}],"curies":[{"name":"wp","href":"https:\/\/api.w.org\/{rel}","templated":true}]}}