{"id":77353,"date":"2020-07-12T15:41:58","date_gmt":"2020-07-12T20:41:58","guid":{"rendered":"http:\/\/elinformanteperu.com\/?p=77353"},"modified":"2020-07-12T15:41:58","modified_gmt":"2020-07-12T20:41:58","slug":"alban-sobre-elecciones-seria-grave-que-congreso-pretenda-hacer-modificaciones","status":"publish","type":"post","link":"https:\/\/elinformanteperu.com\/index.php\/2020\/07\/12\/alban-sobre-elecciones-seria-grave-que-congreso-pretenda-hacer-modificaciones\/","title":{"rendered":"Alb\u00e1n sobre elecciones: ser\u00eda grave que Congreso pretenda hacer modificaciones"},"content":{"rendered":"<p><strong><span style=\"color: #000000;\">El ex defensor del Pueblo, Walter Alb\u00e1n, sostuvo que ser\u00eda grave e inconveniente que desde el Congreso se pretenda hacer modificaciones sobre el tema electoral.<\/span><\/strong><\/p>\n<p><span style=\"color: #000000;\"><strong>Lima, 12 Julio 2020, (ANDINA).-<\/strong> El ex defensor del Pueblo, Walter Alb\u00e1n, sostuvo que ser\u00eda grave e inconveniente que desde el Congreso se pretenda hacer modificaciones sobre el tema electoral luego de la convocatoria a elecciones hecha por el presidente Mart\u00edn Vizcarra.<\/span><\/p>\n<p><span style=\"color: #000000;\">\u201cDe ninguna manera es conveniente, la simple especulaci\u00f3n de cambiar el cronograma electoral ser\u00eda a\u00f1adir un problema y generar m\u00e1s incertidumbre\u201d, declar\u00f3 a la Agencia Andina.<\/span><\/p>\n<p><span style=\"color: #000000;\">Alb\u00e1n consider\u00f3 positivo que el mandatario haya convocado a elecciones, al se\u00f1alar que ello es buena se\u00f1al para la democracia y calla aquellas voces que hablaban injustificadamente de intenciones de continuidad en el poder.<\/span><\/p>\n<p><span style=\"color: #000000;\">\u201cAhora corresponde trabajar en funci\u00f3n al cronograma que hay, hacer modificaciones ser\u00eda muy grave y no le har\u00eda bien al pa\u00eds\u201d, dijo.<\/span><\/p>\n<p><span style=\"color: #000000;\">\u201cNecesitamos generar estabilidad y no incertidumbre. De ninguna manera se deben mover las cosas desde Congreso\u201d, a\u00f1adi\u00f3 el exdefensor.<\/span><\/p>\n<p><span style=\"color: #000000;\">El Gobierno oficializ\u00f3 la convocatoria a elecciones generales para el domingo 11 de abril del 2021, a trav\u00e9s del Decreto Supremo 122-2020-PCM, publicado en el Bolet\u00edn de Normas Legales del Diario Oficial El Peruano.<\/span><\/p>\n<p><span style=\"color: #000000;\">En dicha fecha, se proceder\u00e1 a la elecci\u00f3n del presidente de la Rep\u00fablica y vicepresidentes, as\u00ed como de los congresistas y representantes peruanos ante el Parlamento Andino.<\/span><\/p>\n<p><span style=\"color: #000000;\">En caso de que ninguno de los candidatos a la Presidencia obtuviese m\u00e1s de la mitad de los votos v\u00e1lidos, se proceder\u00e1 a una segunda elecci\u00f3n entre los dos que hayan obtenido la votaci\u00f3n m\u00e1s alta, para el domingo 6 de junio del 2021.<\/span><\/p>\n","protected":false},"excerpt":{"rendered":"<p>El ex defensor del Pueblo, Walter Alb\u00e1n, sostuvo que ser\u00eda grave e inconveniente que desde el Congreso se pretenda hacer modificaciones sobre el tema electoral. Lima, 12 Julio 2020, (ANDINA).- El ex defensor del Pueblo, Walter Alb\u00e1n, sostuvo que ser\u00eda grave e inconveniente que desde el Congreso se pretenda hacer modificaciones sobre el tema electoral [&hellip;]<\/p>\n","protected":false},"author":1,"featured_media":57311,"comment_status":"open","ping_status":"open","sticky":false,"template":"","format":"standard","meta":{"rop_custom_images_group":[],"rop_custom_messages_group":[],"rop_publish_now":"initial","rop_publish_now_accounts":[],"rop_publish_now_history":[],"rop_publish_now_status":"pending","footnotes":""},"categories":[5],"tags":[192,1205],"class_list":["post-77353","post","type-post","status-publish","format-standard","has-post-thumbnail","hentry","category-actualidad-informativa","tag-congreso","tag-walter-alban"],"_links":{"self":[{"href":"https:\/\/elinformanteperu.com\/index.php\/wp-json\/wp\/v2\/posts\/77353","targetHints":{"allow":["GET"]}}],"collection":[{"href":"https:\/\/elinformanteperu.com\/index.php\/wp-json\/wp\/v2\/posts"}],"about":[{"href":"https:\/\/elinformanteperu.com\/index.php\/wp-json\/wp\/v2\/types\/post"}],"author":[{"embeddable":true,"href":"https:\/\/elinformanteperu.com\/index.php\/wp-json\/wp\/v2\/users\/1"}],"replies":[{"embeddable":true,"href":"https:\/\/elinformanteperu.com\/index.php\/wp-json\/wp\/v2\/comments?post=77353"}],"version-history":[{"count":1,"href":"https:\/\/elinformanteperu.com\/index.php\/wp-json\/wp\/v2\/posts\/77353\/revisions"}],"predecessor-version":[{"id":77354,"href":"https:\/\/elinformanteperu.com\/index.php\/wp-json\/wp\/v2\/posts\/77353\/revisions\/77354"}],"wp:featuredmedia":[{"embeddable":true,"href":"https:\/\/elinformanteperu.com\/index.php\/wp-json\/wp\/v2\/media\/57311"}],"wp:attachment":[{"href":"https:\/\/elinformanteperu.com\/index.php\/wp-json\/wp\/v2\/media?parent=77353"}],"wp:term":[{"taxonomy":"category","embeddable":true,"href":"https:\/\/elinformanteperu.com\/index.php\/wp-json\/wp\/v2\/categories?post=77353"},{"taxonomy":"post_tag","embeddable":true,"href":"https:\/\/elinformanteperu.com\/index.php\/wp-json\/wp\/v2\/tags?post=77353"}],"curies":[{"name":"wp","href":"https:\/\/api.w.org\/{rel}","templated":true}]}}