{"id":77204,"date":"2020-07-10T23:37:27","date_gmt":"2020-07-11T04:37:27","guid":{"rendered":"http:\/\/elinformanteperu.com\/?p=77204"},"modified":"2020-07-10T23:37:27","modified_gmt":"2020-07-11T04:37:27","slug":"canciller-acceder-a-vacuna-contra-el-coronavirus-es-un-objetivo-nacional","status":"publish","type":"post","link":"https:\/\/elinformanteperu.com\/index.php\/2020\/07\/10\/canciller-acceder-a-vacuna-contra-el-coronavirus-es-un-objetivo-nacional\/","title":{"rendered":"Canciller: acceder a vacuna contra el coronavirus es un objetivo nacional"},"content":{"rendered":"<p><strong><span style=\"color: #000000;\">Acceder a las vacunas contra el coronavirus (covid-19) es un objetivo nacional, indic\u00f3 el canciller Gustavo Meza-Cuadra.<\/span><\/strong><\/p>\n<p><span style=\"color: #000000;\"><strong>Lima, 10 Julio 2020, (ANDINA).-<\/strong> Acceder a las vacunas contra el coronavirus (covid-19) es un objetivo nacional y como tal se aborda a nivel del Estado con las instituciones competentes, indic\u00f3 el canciller Gustavo Meza-Cuadra.<\/span><\/p>\n<p><span style=\"color: #000000;\">Sostuvo que este objetivo se trabaja en conjunto con el Ministerio de Salud, el Instituto Nacional de Salud, Concytec y la academia, como la Universidad Mayor de San Marcos y la Universidad Cayetano Heredia; adem\u00e1s se cuenta con el esfuerzo del sector privado.<\/span><\/p>\n<p><span style=\"color: #000000;\">\u201cEs un esfuerzo dif\u00edcil, se trabaja con las misiones en el exterior, hemos tenido contacto con pa\u00edses, a nivel de cancilleres hemos tratado el tema y hemos tomado contacto con los laboratorios, hay mucha competencia de qui\u00e9n accede a la vacuna, lo m\u00e1s probable es que sea a comienzos del 2021\u201d, refiri\u00f3 en Canal N.<\/span><\/p>\n<p><span style=\"color: #000000;\">Precis\u00f3 que hay cerca de 200 esfuerzo en el mundo para alcanzar una vacuna, algunos ya en la etapa de pruebas como la de Oxford, que es uno de los m\u00e1s avanzados. Dijo, sin embargo, que no se puede hablar de fechas porque se deben esperar los resultados de la tercera fase.<\/span><\/p>\n<p><span style=\"color: #000000;\">Explic\u00f3 que el pa\u00eds trabaja para obtener las vacunas a nivel bilateral, pero tambi\u00e9n a nivel multilateral, a trav\u00e9s de la Organizaci\u00f3n Mundial de la Salud (OMS) que trabaja para la comprar de vacunas para pa\u00edses con pocos recursos econ\u00f3micos y de ingreso medio, entre los cuales est\u00e1 el Per\u00fa.<\/span><\/p>\n<p><span style=\"color: #000000;\">Las vacunas de este esfuerzo multilateral ser\u00edan para las poblaciones vulnerables, los m\u00e9dicos y personal de las fuerzas del orden que se encuentra en la primera l\u00ednea de combate a la pandemia.<\/span><\/p>\n<p><span style=\"color: #000000;\">El canciller indic\u00f3 que hoy la Canciller\u00eda peruana particip\u00f3 en la conferencia ministerial virtual convocada por Francia, Espa\u00f1a y la Uni\u00f3n Europea con el objetivo de reforzar el di\u00e1logo pol\u00edtico, la cooperaci\u00f3n y la solidaridad entre Europa y Am\u00e9rica Latina, y coordinar respuestas conjuntas a la crisis del covid-19.<\/span><\/p>\n","protected":false},"excerpt":{"rendered":"<p>Acceder a las vacunas contra el coronavirus (covid-19) es un objetivo nacional, indic\u00f3 el canciller Gustavo Meza-Cuadra. Lima, 10 Julio 2020, (ANDINA).- Acceder a las vacunas contra el coronavirus (covid-19) es un objetivo nacional y como tal se aborda a nivel del Estado con las instituciones competentes, indic\u00f3 el canciller Gustavo Meza-Cuadra. Sostuvo que este [&hellip;]<\/p>\n","protected":false},"author":1,"featured_media":77205,"comment_status":"open","ping_status":"open","sticky":false,"template":"","format":"standard","meta":{"rop_custom_images_group":[],"rop_custom_messages_group":[],"rop_publish_now":"initial","rop_publish_now_accounts":[],"rop_publish_now_history":[],"rop_publish_now_status":"pending","footnotes":""},"categories":[5],"tags":[294,5236,5364,4901],"class_list":["post-77204","post","type-post","status-publish","format-standard","has-post-thumbnail","hentry","category-actualidad-informativa","tag-cancilleria","tag-coronavirus","tag-covid-19","tag-gustavo-meza-cuadra"],"_links":{"self":[{"href":"https:\/\/elinformanteperu.com\/index.php\/wp-json\/wp\/v2\/posts\/77204","targetHints":{"allow":["GET"]}}],"collection":[{"href":"https:\/\/elinformanteperu.com\/index.php\/wp-json\/wp\/v2\/posts"}],"about":[{"href":"https:\/\/elinformanteperu.com\/index.php\/wp-json\/wp\/v2\/types\/post"}],"author":[{"embeddable":true,"href":"https:\/\/elinformanteperu.com\/index.php\/wp-json\/wp\/v2\/users\/1"}],"replies":[{"embeddable":true,"href":"https:\/\/elinformanteperu.com\/index.php\/wp-json\/wp\/v2\/comments?post=77204"}],"version-history":[{"count":1,"href":"https:\/\/elinformanteperu.com\/index.php\/wp-json\/wp\/v2\/posts\/77204\/revisions"}],"predecessor-version":[{"id":77206,"href":"https:\/\/elinformanteperu.com\/index.php\/wp-json\/wp\/v2\/posts\/77204\/revisions\/77206"}],"wp:featuredmedia":[{"embeddable":true,"href":"https:\/\/elinformanteperu.com\/index.php\/wp-json\/wp\/v2\/media\/77205"}],"wp:attachment":[{"href":"https:\/\/elinformanteperu.com\/index.php\/wp-json\/wp\/v2\/media?parent=77204"}],"wp:term":[{"taxonomy":"category","embeddable":true,"href":"https:\/\/elinformanteperu.com\/index.php\/wp-json\/wp\/v2\/categories?post=77204"},{"taxonomy":"post_tag","embeddable":true,"href":"https:\/\/elinformanteperu.com\/index.php\/wp-json\/wp\/v2\/tags?post=77204"}],"curies":[{"name":"wp","href":"https:\/\/api.w.org\/{rel}","templated":true}]}}