{"id":77199,"date":"2020-07-10T23:30:42","date_gmt":"2020-07-11T04:30:42","guid":{"rendered":"http:\/\/elinformanteperu.com\/?p=77199"},"modified":"2020-07-10T23:30:42","modified_gmt":"2020-07-11T04:30:42","slug":"vela-poder-judicial-debe-definir-si-keiko-fujimori-violo-reglas-de-conducta","status":"publish","type":"post","link":"https:\/\/elinformanteperu.com\/index.php\/2020\/07\/10\/vela-poder-judicial-debe-definir-si-keiko-fujimori-violo-reglas-de-conducta\/","title":{"rendered":"Vela: Poder Judicial debe definir si Keiko Fujimori viol\u00f3 reglas de conducta"},"content":{"rendered":"<p><strong><span style=\"color: #000000;\">El fiscal coordinador del equipo especial Lava Jato afirm\u00f3 que es el Poder Judicial el que debe definir si Keiko Fujimori, viol\u00f3 las reglas de conducta.<\/span><\/strong><\/p>\n<p><span style=\"color: #000000;\"><strong>Lima, 10 Julio 2020, (ANDINA).-<\/strong> El fiscal coordinador del equipo especial Lava Jato, Rafael Vela, afirm\u00f3 que es el Poder Judicial el que debe definir si la lideresa de Fuerza Popular, Keiko Fujimori, viol\u00f3 las reglas de conducta tras levant\u00e1rsele la medida de prisi\u00f3n preventiva en el marco de las investigaciones por los aportes a sus campa\u00f1as presidenciales.<\/span><\/p>\n<p><span style=\"color: #000000;\">Indic\u00f3 que el pedido formulado por el fiscal Jos\u00e9 Domingo P\u00e9rez es una llamada de atenci\u00f3n ante una violaci\u00f3n de las reglas impuestas por el Poder Judicial.<\/span><\/p>\n<p><span style=\"color: #000000;\">\u00abNo pueden haber suspicacias (posible persecuci\u00f3n), porque todo est\u00e1 sometido al conocimiento de un juez, es el juez el que determina si la se\u00f1ora Keiko Fujimori ha violado las reglas de conducta, el Ministerio P\u00fablico es un \u00f3rgano requirente, ser\u00e1 el juez el que va a dirimir entre lo que manifestamos y lo que eventualmente pueda responder la se\u00f1ora Fujimori con su defensa legal\u00bb, dijo a TVPer\u00fa.<\/span><\/p>\n<p><span style=\"color: #000000;\">Vela record\u00f3 que la sala superior, al momento de imponer las reglas de conducta, dispuso que Keiko Fujimori no puede comunicarse con ning\u00fan testigo del caso, determinaciones que tienen que observarse en forma escrupulosa y que corresponde al Ministerio P\u00fablico velar para que se cumplan\u00bb.<\/span><\/p>\n<p><strong><span style=\"color: #000000;\">Equipo especial<\/span><\/strong><\/p>\n<p><span style=\"color: #000000;\">En otro momento, Vela refiri\u00f3 que el equipo especial Lava Jato lleva a cabo un proceso de retorno progresivo desde hace tres semanas a sus oficinas en el Ministerio P\u00fablico, habi\u00e9ndose hecho una priorizaci\u00f3n de los procesos de colaboraci\u00f3n eficaz con personas jur\u00eddicas y naturales nacionales para llegar al control judicial.<\/span><\/p>\n<p><span style=\"color: #000000;\">\u00abTenemos que repensar las estrategias de contacto permanente con la cooperaci\u00f3n internacional, ahora debemos replantear y volver a estructurar estrategias respecto a la gobernanza electr\u00f3nica y sobre esa base reorganizarnos para que los procesos vayan concluyendo en algunos casos y se avance en el resto\u00bb, refiri\u00f3.<\/span><\/p>\n<p><span style=\"color: #000000;\">En ese sentido se\u00f1al\u00f3 que en el caso de Alejandro Toledo este se halla vinculado a la culminaci\u00f3n de la investigaci\u00f3n de la Interoce\u00e1nica y a su audiencia de extradici\u00f3n, pr\u00f3xima a ser decidida en Estados Unidos en setiembre.<\/span><\/p>\n<p><span style=\"color: #000000;\">\u00abEn el caso de Ollanta Humala estaban volvi\u00e9ndose a programar las audiencias de control de acusaci\u00f3n; en el caso del Metro de Lima, tambi\u00e9n. Mientras que el caso de Keiko Fujimori est\u00e1 bastante avanzado y tenemos la proyecci\u00f3n de que la investigaci\u00f3n culminar\u00e1 en los pr\u00f3ximos meses\u00bb,agreg\u00f3.<\/span><\/p>\n","protected":false},"excerpt":{"rendered":"<p>El fiscal coordinador del equipo especial Lava Jato afirm\u00f3 que es el Poder Judicial el que debe definir si Keiko Fujimori, viol\u00f3 las reglas de conducta. Lima, 10 Julio 2020, (ANDINA).- El fiscal coordinador del equipo especial Lava Jato, Rafael Vela, afirm\u00f3 que es el Poder Judicial el que debe definir si la lideresa de [&hellip;]<\/p>\n","protected":false},"author":1,"featured_media":60496,"comment_status":"open","ping_status":"open","sticky":false,"template":"","format":"standard","meta":{"rop_custom_images_group":[],"rop_custom_messages_group":[],"rop_publish_now":"initial","rop_publish_now_accounts":[],"rop_publish_now_history":[],"rop_publish_now_status":"pending","footnotes":""},"categories":[5],"tags":[557,3427],"class_list":["post-77199","post","type-post","status-publish","format-standard","has-post-thumbnail","hentry","category-actualidad-informativa","tag-keiko-fujimori","tag-rafael-vela"],"_links":{"self":[{"href":"https:\/\/elinformanteperu.com\/index.php\/wp-json\/wp\/v2\/posts\/77199","targetHints":{"allow":["GET"]}}],"collection":[{"href":"https:\/\/elinformanteperu.com\/index.php\/wp-json\/wp\/v2\/posts"}],"about":[{"href":"https:\/\/elinformanteperu.com\/index.php\/wp-json\/wp\/v2\/types\/post"}],"author":[{"embeddable":true,"href":"https:\/\/elinformanteperu.com\/index.php\/wp-json\/wp\/v2\/users\/1"}],"replies":[{"embeddable":true,"href":"https:\/\/elinformanteperu.com\/index.php\/wp-json\/wp\/v2\/comments?post=77199"}],"version-history":[{"count":1,"href":"https:\/\/elinformanteperu.com\/index.php\/wp-json\/wp\/v2\/posts\/77199\/revisions"}],"predecessor-version":[{"id":77200,"href":"https:\/\/elinformanteperu.com\/index.php\/wp-json\/wp\/v2\/posts\/77199\/revisions\/77200"}],"wp:featuredmedia":[{"embeddable":true,"href":"https:\/\/elinformanteperu.com\/index.php\/wp-json\/wp\/v2\/media\/60496"}],"wp:attachment":[{"href":"https:\/\/elinformanteperu.com\/index.php\/wp-json\/wp\/v2\/media?parent=77199"}],"wp:term":[{"taxonomy":"category","embeddable":true,"href":"https:\/\/elinformanteperu.com\/index.php\/wp-json\/wp\/v2\/categories?post=77199"},{"taxonomy":"post_tag","embeddable":true,"href":"https:\/\/elinformanteperu.com\/index.php\/wp-json\/wp\/v2\/tags?post=77199"}],"curies":[{"name":"wp","href":"https:\/\/api.w.org\/{rel}","templated":true}]}}