{"id":77196,"date":"2020-07-10T23:26:11","date_gmt":"2020-07-11T04:26:11","guid":{"rendered":"http:\/\/elinformanteperu.com\/?p=77196"},"modified":"2020-07-10T23:26:45","modified_gmt":"2020-07-11T04:26:45","slug":"fiscal-de-la-nacion-presento-denuncia-constitucional-contra-hector-becerril","status":"publish","type":"post","link":"https:\/\/elinformanteperu.com\/index.php\/2020\/07\/10\/fiscal-de-la-nacion-presento-denuncia-constitucional-contra-hector-becerril\/","title":{"rendered":"Fiscal de la Naci\u00f3n present\u00f3 denuncia constitucional contra H\u00e9ctor Becerril"},"content":{"rendered":"<p><strong><span style=\"color: #000000;\">La fiscal de la Naci\u00f3n, Zoraida \u00c1valos, present\u00f3 ante el Congreso dos denuncias constitucionales.<\/span><\/strong><\/p>\n<p><span style=\"color: #000000;\"><strong>Lima, 10 Julio 2020, (ANDINA).-<\/strong> La fiscal de la Naci\u00f3n, Zoraida \u00c1valos, present\u00f3 ante el Congreso dos denuncias constitucionales contra el excongresista de Fuerza Popular (FP) H\u00e9ctor Becerril, por la presunta comisi\u00f3n de los delitos de tr\u00e1fico de influencias y organizaci\u00f3n criminal.<\/span><\/p>\n<p><span style=\"color: #000000;\">La primera denuncia est\u00e1 referida a un supuesto aprovechamiento del cargo como parlamentario para la gesti\u00f3n de presupuesto para la municipalidad distrital de Aucallama, a cambio de que la comuna cumpla con el pago de una deuda pendiente a una empresa que estar\u00eda vinculada a uno de sus hermanos.<\/span><\/p>\n<p><span style=\"color: #000000;\">La segunda denuncia es por su presunta vinculaci\u00f3n con la organizaci\u00f3n los Temerarios del Crimen, liderada por el exalcalde de Chiclayo David Cornejo Chinguel.<\/span><\/p>\n<p><span style=\"color: #000000;\">Se le atribuye al exparlamentario fujimorista haber gestionado la asignaci\u00f3n presupuestal, que era captada por la organizaci\u00f3n criminal, a cambio de beneficios patrimoniales como la compra de porcelanato para su vivienda.<\/span><\/p>\n<blockquote class=\"twitter-tweet\">\n<p dir=\"ltr\" lang=\"es\">Y aqu\u00ed estoy listo a asistir al Congreso de la Rep\u00fablica cuando sea citado, para desvirtuar una a una las falsas imputaciones que me hace la FN.quien no tom\u00f3 en consideraci\u00f3n ninguno de mis descargos y voy a demostrar porq es de vital importancia la inmunidad parlamentaria. <a href=\"https:\/\/t.co\/xJj8yl4fE5\">https:\/\/t.co\/xJj8yl4fE5<\/a><\/p>\n<p>\u2014 H\u00c9CTOR BECERRIL R. (@hectorbecerrilr) <a href=\"https:\/\/twitter.com\/hectorbecerrilr\/status\/1281717543380582401?ref_src=twsrc%5Etfw\">July 10, 2020<\/a><\/p><\/blockquote>\n<p><script async src=\"https:\/\/platform.twitter.com\/widgets.js\" charset=\"utf-8\"><\/script><\/p>\n","protected":false},"excerpt":{"rendered":"<p>La fiscal de la Naci\u00f3n, Zoraida \u00c1valos, present\u00f3 ante el Congreso dos denuncias constitucionales. Lima, 10 Julio 2020, (ANDINA).- La fiscal de la Naci\u00f3n, Zoraida \u00c1valos, present\u00f3 ante el Congreso dos denuncias constitucionales contra el excongresista de Fuerza Popular (FP) H\u00e9ctor Becerril, por la presunta comisi\u00f3n de los delitos de tr\u00e1fico de influencias y organizaci\u00f3n [&hellip;]<\/p>\n","protected":false},"author":1,"featured_media":10018,"comment_status":"open","ping_status":"open","sticky":false,"template":"","format":"standard","meta":{"rop_custom_images_group":[],"rop_custom_messages_group":[],"rop_publish_now":"initial","rop_publish_now_accounts":[],"rop_publish_now_history":[],"rop_publish_now_status":"pending","footnotes":""},"categories":[5],"tags":[430,295,327,3426],"class_list":["post-77196","post","type-post","status-publish","format-standard","has-post-thumbnail","hentry","category-actualidad-informativa","tag-fiscalia","tag-fuerza-popular","tag-hector-becerril","tag-zoraida-avalos"],"_links":{"self":[{"href":"https:\/\/elinformanteperu.com\/index.php\/wp-json\/wp\/v2\/posts\/77196","targetHints":{"allow":["GET"]}}],"collection":[{"href":"https:\/\/elinformanteperu.com\/index.php\/wp-json\/wp\/v2\/posts"}],"about":[{"href":"https:\/\/elinformanteperu.com\/index.php\/wp-json\/wp\/v2\/types\/post"}],"author":[{"embeddable":true,"href":"https:\/\/elinformanteperu.com\/index.php\/wp-json\/wp\/v2\/users\/1"}],"replies":[{"embeddable":true,"href":"https:\/\/elinformanteperu.com\/index.php\/wp-json\/wp\/v2\/comments?post=77196"}],"version-history":[{"count":2,"href":"https:\/\/elinformanteperu.com\/index.php\/wp-json\/wp\/v2\/posts\/77196\/revisions"}],"predecessor-version":[{"id":77198,"href":"https:\/\/elinformanteperu.com\/index.php\/wp-json\/wp\/v2\/posts\/77196\/revisions\/77198"}],"wp:featuredmedia":[{"embeddable":true,"href":"https:\/\/elinformanteperu.com\/index.php\/wp-json\/wp\/v2\/media\/10018"}],"wp:attachment":[{"href":"https:\/\/elinformanteperu.com\/index.php\/wp-json\/wp\/v2\/media?parent=77196"}],"wp:term":[{"taxonomy":"category","embeddable":true,"href":"https:\/\/elinformanteperu.com\/index.php\/wp-json\/wp\/v2\/categories?post=77196"},{"taxonomy":"post_tag","embeddable":true,"href":"https:\/\/elinformanteperu.com\/index.php\/wp-json\/wp\/v2\/tags?post=77196"}],"curies":[{"name":"wp","href":"https:\/\/api.w.org\/{rel}","templated":true}]}}