{"id":77194,"date":"2020-07-10T23:23:08","date_gmt":"2020-07-11T04:23:08","guid":{"rendered":"http:\/\/elinformanteperu.com\/?p=77194"},"modified":"2020-07-10T23:23:08","modified_gmt":"2020-07-11T04:23:08","slug":"zeballos-sin-las-medidas-adoptadas-los-resultados-de-la-pandemia-serian-mas-graves","status":"publish","type":"post","link":"https:\/\/elinformanteperu.com\/index.php\/2020\/07\/10\/zeballos-sin-las-medidas-adoptadas-los-resultados-de-la-pandemia-serian-mas-graves\/","title":{"rendered":"Zeballos: sin las medidas adoptadas los resultados de la pandemia ser\u00edan m\u00e1s graves"},"content":{"rendered":"<p><strong><span style=\"color: #000000;\">El presidente del Consejo de Ministros, Vicente Zeballos, sostuvo que sin las medidas dr\u00e1sticas los resultados en torno a fallecidos e infectados ser\u00edan m\u00e1s graves.<\/span><\/strong><\/p>\n<p><span style=\"color: #000000;\"><strong>Lima, 10 Julio 2020, (ANDINA).-<\/strong> El presidente del Consejo de Ministros, Vicente Zeballos, sostuvo que sin las medidas dr\u00e1sticas y severas dispuestas por el Gobierno para enfrentar a la pandemia los resultados en torno a fallecidos e infectados ser\u00edan m\u00e1s graves.<\/span><\/p>\n<p><span style=\"color: #000000;\">Lament\u00f3 que el n\u00famero de decesos en el pa\u00eds supere las 11,000 personas.<\/span><\/p>\n<p><span style=\"color: #000000;\">\u201cDebemos lamentar m\u00e1s de 11,000 peruanos y peruanas que ya no est\u00e1n con nosotros, pero estamos convencidos de que sin estas medidas dr\u00e1sticas y severas el final de la pandemia hubiera sido en cuanto a incidencias estad\u00edsticas mucho m\u00e1s grave, y posiblemente, y lo dice el propio equipo cient\u00edfico m\u00e9dico que acompa\u00f1a a nuestro Ministerio de Salud, (\u2026) esto se hubiera, inclusive, hasta quintuplicado\u201d, manifest\u00f3.<\/span><\/p>\n<p><span style=\"color: #000000;\">Record\u00f3 que el primer caso de la pandemia se present\u00f3 el 6 de marzo en el pa\u00eds y desde el Gobierno se adoptaron medidas inmediatas; al punto que nueve d\u00edas despu\u00e9s se dispuso la inmovilizaci\u00f3n social obligatoria, a trav\u00e9s del estado de emergencia con la denominada \u201ccuarentena\u201d.<\/span><\/p>\n<p><span style=\"color: #000000;\">Coment\u00f3 que para el Poder Ejecutivo fue dif\u00edcil y complejo establecer argumentativamente la norma de emergencia, ya que la expresi\u00f3n \u201ccuarentena\u201d solo se encontraba en la Ley General de Salud, pero sin mayor desarrollo ni reglamentaci\u00f3n, y menos todav\u00eda antecedentes para su aplicaci\u00f3n.<\/span><\/p>\n<p><span style=\"color: #000000;\">En ese sentido, anot\u00f3, se dieron respuestas necesarias a la pandemia no solo en la perspectiva de salud y la econ\u00f3mica, sino tambi\u00e9n en la jur\u00eddica.<\/span><\/p>\n<p><span style=\"color: #000000;\">Dijo que la \u201ccuarentena\u201d ha desnudado las graves debilidades que tenemos como Estado y en distintos temas en materia de salud, y refiri\u00f3 que en su inicio el pa\u00eds solo contaba con 100 unidades de cuidados intensivos (UCI); mientras en la actualidad llegamos a 1,200 y el objetivo es alcanzar las 2,000 en los pr\u00f3ximos meses.<\/span><\/p>\n<p><span style=\"color: #000000;\">Asimismo refiri\u00f3 que en lo referente a la capacidad hospitalaria solo se contaba con 2,000 camas; en tanto que hoy bordeamos las 15,000 y la expectativa es llegar a 20,000, n\u00famero que de todas maneras resultar\u00e1 siempre insuficiente.<\/span><\/p>\n<p><span style=\"color: #000000;\">Resalt\u00f3 la creaci\u00f3n de la comisi\u00f3n multisectorial del Estado encargada de identificar la vacuna contra el covid 19, liderada por el canciller Gustavo Meza Cuadra, y sostuvo que el Poder Ejecutivo est\u00e1 \u201chaciendo el mejor esfuerzo para contener esta pandemia\u201d.<\/span><\/p>\n<p><span style=\"color: #000000;\">Por otro lado, durante su exposici\u00f3n \u00abAcciones emprendidas frente a la pandemia desde el Gobierno Central\u00bb, organizada por la Universidad Se\u00f1or de Sip\u00e1n, Zeballos destac\u00f3 la necesidad de que como pa\u00eds avancemos en el tema de la conectividad y aceleremos la transformaci\u00f3n digital, necesaria para la formaci\u00f3n de los nuevos profesionales en el pa\u00eds.<\/span><\/p>\n","protected":false},"excerpt":{"rendered":"<p>El presidente del Consejo de Ministros, Vicente Zeballos, sostuvo que sin las medidas dr\u00e1sticas los resultados en torno a fallecidos e infectados ser\u00edan m\u00e1s graves. Lima, 10 Julio 2020, (ANDINA).- El presidente del Consejo de Ministros, Vicente Zeballos, sostuvo que sin las medidas dr\u00e1sticas y severas dispuestas por el Gobierno para enfrentar a la pandemia [&hellip;]<\/p>\n","protected":false},"author":1,"featured_media":76505,"comment_status":"open","ping_status":"open","sticky":false,"template":"","format":"standard","meta":{"rop_custom_images_group":[],"rop_custom_messages_group":[],"rop_publish_now":"initial","rop_publish_now_accounts":[],"rop_publish_now_history":[],"rop_publish_now_status":"pending","footnotes":""},"categories":[5],"tags":[189,5374,2317,477],"class_list":["post-77194","post","type-post","status-publish","format-standard","has-post-thumbnail","hentry","category-actualidad-informativa","tag-pcm","tag-peru-estado-de-emergencia","tag-presidencia-del-consejo-de-ministros","tag-vicente-zeballos"],"_links":{"self":[{"href":"https:\/\/elinformanteperu.com\/index.php\/wp-json\/wp\/v2\/posts\/77194","targetHints":{"allow":["GET"]}}],"collection":[{"href":"https:\/\/elinformanteperu.com\/index.php\/wp-json\/wp\/v2\/posts"}],"about":[{"href":"https:\/\/elinformanteperu.com\/index.php\/wp-json\/wp\/v2\/types\/post"}],"author":[{"embeddable":true,"href":"https:\/\/elinformanteperu.com\/index.php\/wp-json\/wp\/v2\/users\/1"}],"replies":[{"embeddable":true,"href":"https:\/\/elinformanteperu.com\/index.php\/wp-json\/wp\/v2\/comments?post=77194"}],"version-history":[{"count":1,"href":"https:\/\/elinformanteperu.com\/index.php\/wp-json\/wp\/v2\/posts\/77194\/revisions"}],"predecessor-version":[{"id":77195,"href":"https:\/\/elinformanteperu.com\/index.php\/wp-json\/wp\/v2\/posts\/77194\/revisions\/77195"}],"wp:featuredmedia":[{"embeddable":true,"href":"https:\/\/elinformanteperu.com\/index.php\/wp-json\/wp\/v2\/media\/76505"}],"wp:attachment":[{"href":"https:\/\/elinformanteperu.com\/index.php\/wp-json\/wp\/v2\/media?parent=77194"}],"wp:term":[{"taxonomy":"category","embeddable":true,"href":"https:\/\/elinformanteperu.com\/index.php\/wp-json\/wp\/v2\/categories?post=77194"},{"taxonomy":"post_tag","embeddable":true,"href":"https:\/\/elinformanteperu.com\/index.php\/wp-json\/wp\/v2\/tags?post=77194"}],"curies":[{"name":"wp","href":"https:\/\/api.w.org\/{rel}","templated":true}]}}