{"id":77192,"date":"2020-07-10T23:20:30","date_gmt":"2020-07-11T04:20:30","guid":{"rendered":"http:\/\/elinformanteperu.com\/?p=77192"},"modified":"2020-07-10T23:20:30","modified_gmt":"2020-07-11T04:20:30","slug":"edgar-alarcon-pide-levantar-su-inmunidad-parlamentaria-para-ser-investigado","status":"publish","type":"post","link":"https:\/\/elinformanteperu.com\/index.php\/2020\/07\/10\/edgar-alarcon-pide-levantar-su-inmunidad-parlamentaria-para-ser-investigado\/","title":{"rendered":"Edgar Alarc\u00f3n pide levantar su inmunidad parlamentaria para ser investigado"},"content":{"rendered":"<p><strong><span style=\"color: #000000;\">Tras presentaci\u00f3n de denuncias constitucionales en su contra<\/span><\/strong><\/p>\n<p><span style=\"color: #000000;\"><strong>Lima, 10 Julio 2020, (ANDINA).-<\/strong> El presidente de la Comisi\u00f3n de Fiscalizaci\u00f3n del Congreso, Edgar Alarc\u00f3n, pidi\u00f3, a trav\u00e9s de la mesa de partes del Parlamento, el levantamiento de su inmunidad parlamentaria con la finalidad de ser investigado al pesar sobre \u00e9l diversas acusaciones por su labor al frente de la Contralor\u00eda.<\/span><\/p>\n<p><span style=\"color: #000000;\">Tras las dos denuncias constitucionales en su contra presentadas por la fiscal de la Naci\u00f3n, Zoraida \u00c1valos, por peculado doloso y enriquecimiento il\u00edcito, el legislador de Uni\u00f3n por el Per\u00fa consider\u00f3 que se trata de \u00abrefritos\u00bb sobre su accionar en el organismo contralor.<\/span><\/p>\n<p><span style=\"color: #000000;\">\u00abPrecisamente, por ello, el d\u00eda de hoy he solicitado que me levanten la inmunidad, por medio de mesa de partes; que me levanten la inmunidad y me someter\u00e9 a todas las investigaciones y en esa l\u00ednea seguir\u00e9 trabajando\u00bb, refiri\u00f3.<\/span><\/p>\n<p><span style=\"color: #000000;\">En ese sentido, Alarc\u00f3n sostuvo que no quiere ning\u00fan tipo de facilidades por medio de inmunidad o prerrogativa, sino que desea someterse \u00abcomo cualquier ciudadano\u00bb a este proceso.<\/span><\/p>\n<p><span style=\"color: #000000;\">\u00abUno de los casos es sobre los recibos supuestamente fantasmas que no encontraron informes en la Contralor\u00eda y el otro acerca de un enriquecimiento por 220,000 soles; en este caso, creo que la fiscal no consider\u00f3 mi saldo en bancos cuando ingrese a ser contralor, pero ese tema lo voy a aclarar\u00bb, asegur\u00f3.<\/span><\/p>\n<p><span style=\"color: #000000;\">Asimismo adelant\u00f3 que conversar\u00e1 con el presidente de la Subcomisi\u00f3n de Acusaciones Constitucionales, Luis Roel, para que vea su caso \u00ablo m\u00e1s r\u00e1pido posible\u00bb.<\/span><\/p>\n<p><span style=\"color: #000000;\">En cuanto al pedido para que deje la Comisi\u00f3n de Fiscalizaci\u00f3n del Congreso sostuvo que ello deber\u00e1 someterse a votaci\u00f3n dentro de la bancada de UPP, aunque consider\u00f3 que no tiene \u00abninguna limitaci\u00f3n para seguir en este cargo\u00bb.<\/span><\/p>\n","protected":false},"excerpt":{"rendered":"<p>Tras presentaci\u00f3n de denuncias constitucionales en su contra Lima, 10 Julio 2020, (ANDINA).- El presidente de la Comisi\u00f3n de Fiscalizaci\u00f3n del Congreso, Edgar Alarc\u00f3n, pidi\u00f3, a trav\u00e9s de la mesa de partes del Parlamento, el levantamiento de su inmunidad parlamentaria con la finalidad de ser investigado al pesar sobre \u00e9l diversas acusaciones por su labor [&hellip;]<\/p>\n","protected":false},"author":1,"featured_media":69267,"comment_status":"open","ping_status":"open","sticky":false,"template":"","format":"standard","meta":{"rop_custom_images_group":[],"rop_custom_messages_group":[],"rop_publish_now":"initial","rop_publish_now_accounts":[],"rop_publish_now_history":[],"rop_publish_now_status":"pending","footnotes":""},"categories":[5],"tags":[192,855],"class_list":["post-77192","post","type-post","status-publish","format-standard","has-post-thumbnail","hentry","category-actualidad-informativa","tag-congreso","tag-edgar-alarcon"],"_links":{"self":[{"href":"https:\/\/elinformanteperu.com\/index.php\/wp-json\/wp\/v2\/posts\/77192","targetHints":{"allow":["GET"]}}],"collection":[{"href":"https:\/\/elinformanteperu.com\/index.php\/wp-json\/wp\/v2\/posts"}],"about":[{"href":"https:\/\/elinformanteperu.com\/index.php\/wp-json\/wp\/v2\/types\/post"}],"author":[{"embeddable":true,"href":"https:\/\/elinformanteperu.com\/index.php\/wp-json\/wp\/v2\/users\/1"}],"replies":[{"embeddable":true,"href":"https:\/\/elinformanteperu.com\/index.php\/wp-json\/wp\/v2\/comments?post=77192"}],"version-history":[{"count":1,"href":"https:\/\/elinformanteperu.com\/index.php\/wp-json\/wp\/v2\/posts\/77192\/revisions"}],"predecessor-version":[{"id":77193,"href":"https:\/\/elinformanteperu.com\/index.php\/wp-json\/wp\/v2\/posts\/77192\/revisions\/77193"}],"wp:featuredmedia":[{"embeddable":true,"href":"https:\/\/elinformanteperu.com\/index.php\/wp-json\/wp\/v2\/media\/69267"}],"wp:attachment":[{"href":"https:\/\/elinformanteperu.com\/index.php\/wp-json\/wp\/v2\/media?parent=77192"}],"wp:term":[{"taxonomy":"category","embeddable":true,"href":"https:\/\/elinformanteperu.com\/index.php\/wp-json\/wp\/v2\/categories?post=77192"},{"taxonomy":"post_tag","embeddable":true,"href":"https:\/\/elinformanteperu.com\/index.php\/wp-json\/wp\/v2\/tags?post=77192"}],"curies":[{"name":"wp","href":"https:\/\/api.w.org\/{rel}","templated":true}]}}