{"id":77187,"date":"2020-07-10T23:18:49","date_gmt":"2020-07-11T04:18:49","guid":{"rendered":"http:\/\/elinformanteperu.com\/?p=77187"},"modified":"2020-07-10T23:18:49","modified_gmt":"2020-07-11T04:18:49","slug":"piden-a-pj-advertir-a-keiko-fujimori-sobre-incumplimiento-de-normas-de-conducta","status":"publish","type":"post","link":"https:\/\/elinformanteperu.com\/index.php\/2020\/07\/10\/piden-a-pj-advertir-a-keiko-fujimori-sobre-incumplimiento-de-normas-de-conducta\/","title":{"rendered":"Piden a PJ advertir a Keiko Fujimori sobre incumplimiento de normas de conducta"},"content":{"rendered":"<p><strong><span style=\"color: #000000;\">En oficio enviado por el fiscal Jos\u00e9 Domingo P\u00e9rez<\/span><\/strong><\/p>\n<p><span style=\"color: #000000;\"><strong>Lima, 10 Julio 2020, (ANDINA).-<\/strong> El fiscal del equipo especial Lava Jato, Jos\u00e9 Domingo P\u00e9rez, mediante un escrito solicit\u00f3 al Poder Judicial que se aperciba (advierta) a la ex candidata presidencial Keiko Fujimori que no est\u00e1 cumpliendo con las normas de conducta y que de persistir podr\u00eda revocarse la comparecencia restringida e impon\u00e9rsele la prisi\u00f3n preventiva.<\/span><\/p>\n<p><span style=\"color: #000000;\">Como parte de las restricciones, Fujimori est\u00e1 prohibida de contactarse con testigos del caso en el que est\u00e1 involucrada. Sin embargo envi\u00f3 una carta a los congresistas de Fuerza Popular, entre ellos Martha Ch\u00e1vez, que es testigo precisamente.<\/span><\/p>\n<p><span style=\"color: #000000;\">\u201cSe verifica que la investigada Keiko Fujimori viene comunic\u00e1ndose con Martha Ch\u00e1vez Coss\u00edo, por cuanto le ha dirigido la carta del 8 de julio del 2020\u201d, se lee en el documento.<\/span><\/p>\n<p><span style=\"color: #000000;\">De acuerdo con el fiscal P\u00e9rez, Keiko Fujimori est\u00e1 sometida a la \u00abprohibici\u00f3n de comunicarse con sus coimputados, testigos u otros de prueba, sea en forma personal o por intermedio de terceros o a trav\u00e9s de cualquier forma o medio tecnol\u00f3gico, mientras no concluya el presente proceso\u201d.<\/span><\/p>\n<p><img fetchpriority=\"high\" decoding=\"async\" class=\"aligncenter size-full wp-image-77189\" src=\"http:\/\/elinformanteperu.com\/wp-content\/uploads\/2020\/07\/keiko-covid1.jpg\" alt=\"\" width=\"1800\" height=\"1201\" srcset=\"https:\/\/elinformanteperu.com\/wp-content\/uploads\/2020\/07\/keiko-covid1.jpg 1800w, https:\/\/elinformanteperu.com\/wp-content\/uploads\/2020\/07\/keiko-covid1-300x200.jpg 300w, https:\/\/elinformanteperu.com\/wp-content\/uploads\/2020\/07\/keiko-covid1-1024x683.jpg 1024w, https:\/\/elinformanteperu.com\/wp-content\/uploads\/2020\/07\/keiko-covid1-768x512.jpg 768w, https:\/\/elinformanteperu.com\/wp-content\/uploads\/2020\/07\/keiko-covid1-1536x1025.jpg 1536w\" sizes=\"(max-width: 1800px) 100vw, 1800px\" \/><span style=\"color: #000000;\">\u201cEl juzgado debe apercibir a Keiko Fujimori de revocarse la comparecencia por restricciones por prisi\u00f3n preventiva ante el incumplimiento de los objetivos impuestos\u201d, se\u00f1al\u00f3 el fiscal P\u00e9rez en oficio enviado al juez del Cuarto Juzgado de Investigaci\u00f3n Preparatoria Nacional Permanente Especializado en Crimen Organizado.<\/span><\/p>\n<p><span style=\"color: #000000;\">El pasado 4 de mayo, Fujimori Higuchi abandon\u00f3 el penal Anexo Mujeres de Chorrillos en cumplimiento de la decisi\u00f3n del Poder Judicial que revoc\u00f3 la prisi\u00f3n preventiva dictada en su contra y le impuso comparecencia restringida.<\/span><\/p>\n<p><span style=\"color: #000000;\">La lideresa de Fuerza Popular ven\u00eda cumpliendo una prisi\u00f3n preventiva de 15 meses, dictada el 28 de enero de este a\u00f1o, en el marco de la investigaci\u00f3n que se le sigue por los aportes de campa\u00f1a recibidos por la empresa brasile\u00f1a Odebrecht.<\/span><\/p>\n<p><span style=\"color: #000000;\">El 30 de abril pasado, la Sala Penal de Apelaciones Nacional Permanente Especializada en Crimen Organizado declar\u00f3 procedente la apelaci\u00f3n presentada por la defensa de Fujimori Higuchi a la orden de prisi\u00f3n preventiva.<\/span><\/p>\n<p><span style=\"color: #000000;\">Keiko Fujimori es investigada por lavado de activos agravado por organizaci\u00f3n criminal y obstrucci\u00f3n de la justicia.<\/span><\/p>\n","protected":false},"excerpt":{"rendered":"<p>En oficio enviado por el fiscal Jos\u00e9 Domingo P\u00e9rez Lima, 10 Julio 2020, (ANDINA).- El fiscal del equipo especial Lava Jato, Jos\u00e9 Domingo P\u00e9rez, mediante un escrito solicit\u00f3 al Poder Judicial que se aperciba (advierta) a la ex candidata presidencial Keiko Fujimori que no est\u00e1 cumpliendo con las normas de conducta y que de persistir [&hellip;]<\/p>\n","protected":false},"author":1,"featured_media":77188,"comment_status":"open","ping_status":"open","sticky":false,"template":"","format":"standard","meta":{"rop_custom_images_group":[],"rop_custom_messages_group":[],"rop_publish_now":"initial","rop_publish_now_accounts":[],"rop_publish_now_history":[],"rop_publish_now_status":"pending","footnotes":""},"categories":[5],"tags":[2568,557,656],"class_list":["post-77187","post","type-post","status-publish","format-standard","has-post-thumbnail","hentry","category-actualidad-informativa","tag-jose-domingo-perez","tag-keiko-fujimori","tag-lava-jato"],"_links":{"self":[{"href":"https:\/\/elinformanteperu.com\/index.php\/wp-json\/wp\/v2\/posts\/77187","targetHints":{"allow":["GET"]}}],"collection":[{"href":"https:\/\/elinformanteperu.com\/index.php\/wp-json\/wp\/v2\/posts"}],"about":[{"href":"https:\/\/elinformanteperu.com\/index.php\/wp-json\/wp\/v2\/types\/post"}],"author":[{"embeddable":true,"href":"https:\/\/elinformanteperu.com\/index.php\/wp-json\/wp\/v2\/users\/1"}],"replies":[{"embeddable":true,"href":"https:\/\/elinformanteperu.com\/index.php\/wp-json\/wp\/v2\/comments?post=77187"}],"version-history":[{"count":1,"href":"https:\/\/elinformanteperu.com\/index.php\/wp-json\/wp\/v2\/posts\/77187\/revisions"}],"predecessor-version":[{"id":77190,"href":"https:\/\/elinformanteperu.com\/index.php\/wp-json\/wp\/v2\/posts\/77187\/revisions\/77190"}],"wp:featuredmedia":[{"embeddable":true,"href":"https:\/\/elinformanteperu.com\/index.php\/wp-json\/wp\/v2\/media\/77188"}],"wp:attachment":[{"href":"https:\/\/elinformanteperu.com\/index.php\/wp-json\/wp\/v2\/media?parent=77187"}],"wp:term":[{"taxonomy":"category","embeddable":true,"href":"https:\/\/elinformanteperu.com\/index.php\/wp-json\/wp\/v2\/categories?post=77187"},{"taxonomy":"post_tag","embeddable":true,"href":"https:\/\/elinformanteperu.com\/index.php\/wp-json\/wp\/v2\/tags?post=77187"}],"curies":[{"name":"wp","href":"https:\/\/api.w.org\/{rel}","templated":true}]}}