{"id":77185,"date":"2020-07-10T23:14:19","date_gmt":"2020-07-11T04:14:19","guid":{"rendered":"http:\/\/elinformanteperu.com\/?p=77185"},"modified":"2020-07-10T23:14:19","modified_gmt":"2020-07-11T04:14:19","slug":"defensor-del-pueblo-confia-en-que-congresistas-desestimaran-reforma-sobre-inmunidad","status":"publish","type":"post","link":"https:\/\/elinformanteperu.com\/index.php\/2020\/07\/10\/defensor-del-pueblo-confia-en-que-congresistas-desestimaran-reforma-sobre-inmunidad\/","title":{"rendered":"Defensor del pueblo conf\u00eda en que congresistas desestimar\u00e1n reforma sobre inmunidad"},"content":{"rendered":"<p><strong><span style=\"color: #000000;\">El defensor el pueblo, Walter Guti\u00e9rrez, expres\u00f3 su confianza en que los congresistas revaluar\u00e1n su voto.<\/span><\/strong><\/p>\n<p><span style=\"color: #000000;\"><strong>Lima, 10 Julio 2020, (ANDINA).-<\/strong> El defensor el pueblo, Walter Guti\u00e9rrez, expres\u00f3 su confianza en que los congresistas revaluar\u00e1n su voto y desestimar\u00e1n la reforma, aprobada en primera votaci\u00f3n, sobre la eliminaci\u00f3n de la inmunidad parlamentaria y prerrogativas para altos funcionarios.<\/span><\/p>\n<p><span style=\"color: #000000;\">Indic\u00f3 que durante el Consejo de Estado se convers\u00f3 sobre este tema y el presidente del Congreso, Manuel Merino, se\u00f1al\u00f3 que har\u00e1 todos sus esfuerzos, en esta etapa, para lograr un acuerdo con los parlamentarios sobre la materia.<\/span><\/p>\n<p><span style=\"color: #000000;\">\u00abHemos pedido un amplio, participativo y plural debate, porque el acto legislativo no puede estar supeditado a reacciones inmediatas y ausentes o carentes de deliberaci\u00f3n, esto significar\u00e1 que antes que se d\u00e9 la segunda votaci\u00f3n los congresistas creen este espacio de debate y que probablemente reval\u00faen su voto y eventualmente desestimen esta reforma constitucional. (&#8230;) Estoy seguro y convencido de que la norma va a ser desestimada\u00bb, dijo en RPP.<\/span><\/p>\n<p><span style=\"color: #000000;\">El defensor se\u00f1al\u00f3 que si bien se abre un espacio de reflexi\u00f3n acerca de la reforma sobre inmunidad parlamentaria (falta una segunda votaci\u00f3n), \u00abno necesariamente se aplicar\u00eda para las pr\u00f3ximas elecciones\u00bb del 2021.<\/span><\/p>\n<p><span style=\"color: #000000;\">\u00abEl presidente del Congreso (&#8230;) lo que har\u00e1 es dialogar con sus colegas. He visto signos y se\u00f1ales en diferentes sectores del Legislativo de querer clara y francamente revaluar esto y es positiva esta reuni\u00f3n\u00bb, afirm\u00f3.<\/span><\/p>\n<p><span style=\"color: #000000;\">En ese sentido explic\u00f3 que tras la reuni\u00f3n del Consejo de Estado se avanz\u00f3 mucho con miras a salir de una crisis entre dos poderes, el Ejecutivo y el Legislativo; as\u00ed como la instalaci\u00f3n de una nueva forma de relacionarse entre ambos.<\/span><\/p>\n<p><span style=\"color: #000000;\">Respecto a esta junta, efectuada en la v\u00edspera en Palacio de Gobierno, precis\u00f3 que se pudo percibir un cambio de actitud por llegar a un punto de encuentro, donde, adem\u00e1s, se expuso un esp\u00edritu autocr\u00edtico.<\/span><\/p>\n<p><span style=\"color: #000000;\">Asimismo refiri\u00f3 que el Poder Ejecutivo dio muestras de avances significativos en la capacidad de respuesta ante la pandemia por el covid-19, habiendo partido de una base muy relegada, en cuanto al tema de salud, \u00abpor lo que vemos la forma como nos ha golpeado\u00bb.<\/span><\/p>\n<p><span style=\"color: #000000;\">Guti\u00e9rrez adelant\u00f3 que el Consejo de Estado se reunir\u00eda cada tres semanas y que en la actualidad se afana en la elaboraci\u00f3n de una agenda tomando en cuenta tres l\u00edneas de trabajo: salud, reactivaci\u00f3n econ\u00f3mica y llevar al pa\u00eds a elecciones transparentes con miras al Bicentenario.<\/span><\/p>\n","protected":false},"excerpt":{"rendered":"<p>El defensor el pueblo, Walter Guti\u00e9rrez, expres\u00f3 su confianza en que los congresistas revaluar\u00e1n su voto. Lima, 10 Julio 2020, (ANDINA).- El defensor el pueblo, Walter Guti\u00e9rrez, expres\u00f3 su confianza en que los congresistas revaluar\u00e1n su voto y desestimar\u00e1n la reforma, aprobada en primera votaci\u00f3n, sobre la eliminaci\u00f3n de la inmunidad parlamentaria y prerrogativas para [&hellip;]<\/p>\n","protected":false},"author":1,"featured_media":53307,"comment_status":"open","ping_status":"open","sticky":false,"template":"","format":"standard","meta":{"rop_custom_images_group":[],"rop_custom_messages_group":[],"rop_publish_now":"initial","rop_publish_now_accounts":[],"rop_publish_now_history":[],"rop_publish_now_status":"pending","footnotes":""},"categories":[5],"tags":[428,520],"class_list":["post-77185","post","type-post","status-publish","format-standard","has-post-thumbnail","hentry","category-actualidad-informativa","tag-defensoria-del-pueblo","tag-walter-gutierrez"],"_links":{"self":[{"href":"https:\/\/elinformanteperu.com\/index.php\/wp-json\/wp\/v2\/posts\/77185","targetHints":{"allow":["GET"]}}],"collection":[{"href":"https:\/\/elinformanteperu.com\/index.php\/wp-json\/wp\/v2\/posts"}],"about":[{"href":"https:\/\/elinformanteperu.com\/index.php\/wp-json\/wp\/v2\/types\/post"}],"author":[{"embeddable":true,"href":"https:\/\/elinformanteperu.com\/index.php\/wp-json\/wp\/v2\/users\/1"}],"replies":[{"embeddable":true,"href":"https:\/\/elinformanteperu.com\/index.php\/wp-json\/wp\/v2\/comments?post=77185"}],"version-history":[{"count":1,"href":"https:\/\/elinformanteperu.com\/index.php\/wp-json\/wp\/v2\/posts\/77185\/revisions"}],"predecessor-version":[{"id":77186,"href":"https:\/\/elinformanteperu.com\/index.php\/wp-json\/wp\/v2\/posts\/77185\/revisions\/77186"}],"wp:featuredmedia":[{"embeddable":true,"href":"https:\/\/elinformanteperu.com\/index.php\/wp-json\/wp\/v2\/media\/53307"}],"wp:attachment":[{"href":"https:\/\/elinformanteperu.com\/index.php\/wp-json\/wp\/v2\/media?parent=77185"}],"wp:term":[{"taxonomy":"category","embeddable":true,"href":"https:\/\/elinformanteperu.com\/index.php\/wp-json\/wp\/v2\/categories?post=77185"},{"taxonomy":"post_tag","embeddable":true,"href":"https:\/\/elinformanteperu.com\/index.php\/wp-json\/wp\/v2\/tags?post=77185"}],"curies":[{"name":"wp","href":"https:\/\/api.w.org\/{rel}","templated":true}]}}