{"id":77181,"date":"2020-07-10T22:30:24","date_gmt":"2020-07-11T03:30:24","guid":{"rendered":"http:\/\/elinformanteperu.com\/?p=77181"},"modified":"2020-07-10T22:30:24","modified_gmt":"2020-07-11T03:30:24","slug":"poder-judicial-aprueba-protocolo-temporal-para-audiencias-judiciales-virtuales","status":"publish","type":"post","link":"https:\/\/elinformanteperu.com\/index.php\/2020\/07\/10\/poder-judicial-aprueba-protocolo-temporal-para-audiencias-judiciales-virtuales\/","title":{"rendered":"Poder Judicial aprueba protocolo temporal para audiencias judiciales virtuales"},"content":{"rendered":"<p><strong><span style=\"color: #000000;\">Durante periodo de emergencia sanitaria<\/span><\/strong><\/p>\n<p><span style=\"color: #000000;\"><strong>Lima, 10 Julio 2020, (ANDINA).-<\/strong> El Poder Judicial (PJ) aprob\u00f3 el protocolo temporal para audiencias judiciales virtuales durante el periodo de emergencia, con la finalidad de asegurar la continuidad de los procesos judiciales respetando las medidas de distanciamiento social ante la presencia del coronavirus covid-19.<\/span><\/p>\n<p><span style=\"color: #000000;\">A trav\u00e9s de la Resoluci\u00f3n Administrativa 000173-2020-CE-PJ, publicada en el bolet\u00edn de Normas Legales del Diario Oficial El Peruano, se\u00f1ala que la propuesta presentada por el magistrado H\u00e9ctor Lama More busca servir de gu\u00eda para la realizaci\u00f3n de audiencias judiciales en el entorno virtual mediante el uso de herramientas tecnol\u00f3gicas.<\/span><\/p>\n<p><span style=\"color: #000000;\">El dispositivo faculta a los presidentes de las cortes del pa\u00eds, as\u00ed como a la Gerencia General del Poder Judicial y la Gerencia de Inform\u00e1tica de la citada dependencia, en cuanto sea de su competencia, adoptar las acciones y medidas administrativas que sean necesarias para el adecuado cumplimiento.<\/span><\/p>\n<p><span style=\"color: #000000;\">En la parte considerativa, refiere que este protocolo es aplicable a todo tipo de audiencia, de cualquier materia y ante cualquier instancia, a escala nacional, que, conforme a las normas procesales aplicables, requiera de la participaci\u00f3n de las partes y de sus abogados.<\/span><\/p>\n<p><span style=\"color: #000000;\">Asimismo, la intervenci\u00f3n de testigos, peritos y otras personas, mientras subsista el per\u00edodo de emergencia sanitaria y no sea posible la realizaci\u00f3n de audiencias judiciales de forma presencial \u00absin el peligro de afectar el derecho a la salud p\u00fablica e integridad de las personas\u00bb.<\/span><\/p>\n<p><span style=\"color: #000000;\">La resoluci\u00f3n del Consejo Ejecutivo del Poder Judicial (CEPJ) tiene la firma del titular de la Corte Suprema, Jos\u00e9 Luis Lecaros.<\/span><\/p>\n","protected":false},"excerpt":{"rendered":"<p>Durante periodo de emergencia sanitaria Lima, 10 Julio 2020, (ANDINA).- El Poder Judicial (PJ) aprob\u00f3 el protocolo temporal para audiencias judiciales virtuales durante el periodo de emergencia, con la finalidad de asegurar la continuidad de los procesos judiciales respetando las medidas de distanciamiento social ante la presencia del coronavirus covid-19. A trav\u00e9s de la Resoluci\u00f3n [&hellip;]<\/p>\n","protected":false},"author":1,"featured_media":59312,"comment_status":"open","ping_status":"open","sticky":false,"template":"","format":"standard","meta":{"rop_custom_images_group":[],"rop_custom_messages_group":[],"rop_publish_now":"initial","rop_publish_now_accounts":[],"rop_publish_now_history":[],"rop_publish_now_status":"pending","footnotes":""},"categories":[5],"tags":[5236,5364,163],"class_list":["post-77181","post","type-post","status-publish","format-standard","has-post-thumbnail","hentry","category-actualidad-informativa","tag-coronavirus","tag-covid-19","tag-poder-judicial"],"_links":{"self":[{"href":"https:\/\/elinformanteperu.com\/index.php\/wp-json\/wp\/v2\/posts\/77181","targetHints":{"allow":["GET"]}}],"collection":[{"href":"https:\/\/elinformanteperu.com\/index.php\/wp-json\/wp\/v2\/posts"}],"about":[{"href":"https:\/\/elinformanteperu.com\/index.php\/wp-json\/wp\/v2\/types\/post"}],"author":[{"embeddable":true,"href":"https:\/\/elinformanteperu.com\/index.php\/wp-json\/wp\/v2\/users\/1"}],"replies":[{"embeddable":true,"href":"https:\/\/elinformanteperu.com\/index.php\/wp-json\/wp\/v2\/comments?post=77181"}],"version-history":[{"count":1,"href":"https:\/\/elinformanteperu.com\/index.php\/wp-json\/wp\/v2\/posts\/77181\/revisions"}],"predecessor-version":[{"id":77182,"href":"https:\/\/elinformanteperu.com\/index.php\/wp-json\/wp\/v2\/posts\/77181\/revisions\/77182"}],"wp:featuredmedia":[{"embeddable":true,"href":"https:\/\/elinformanteperu.com\/index.php\/wp-json\/wp\/v2\/media\/59312"}],"wp:attachment":[{"href":"https:\/\/elinformanteperu.com\/index.php\/wp-json\/wp\/v2\/media?parent=77181"}],"wp:term":[{"taxonomy":"category","embeddable":true,"href":"https:\/\/elinformanteperu.com\/index.php\/wp-json\/wp\/v2\/categories?post=77181"},{"taxonomy":"post_tag","embeddable":true,"href":"https:\/\/elinformanteperu.com\/index.php\/wp-json\/wp\/v2\/tags?post=77181"}],"curies":[{"name":"wp","href":"https:\/\/api.w.org\/{rel}","templated":true}]}}