{"id":77178,"date":"2020-07-10T21:34:46","date_gmt":"2020-07-11T02:34:46","guid":{"rendered":"http:\/\/elinformanteperu.com\/?p=77178"},"modified":"2020-07-10T21:34:46","modified_gmt":"2020-07-11T02:34:46","slug":"ministra-montenegro-empoderamiento-de-la-mujer-evitara-dependencia","status":"publish","type":"post","link":"https:\/\/elinformanteperu.com\/index.php\/2020\/07\/10\/ministra-montenegro-empoderamiento-de-la-mujer-evitara-dependencia\/","title":{"rendered":"Ministra Montenegro: empoderamiento de la mujer evitar\u00e1 dependencia"},"content":{"rendered":"<p><strong><span style=\"color: #000000;\">Impacto de pandemia ha sido mucho m\u00e1s fuerte entre las mujeres en relaci\u00f3n al acceso al trabajo y emprendimientos<\/span><\/strong><\/p>\n<p><span style=\"color: #000000;\"><strong>Lima, 10 Julio 2020, (ANDINA).-<\/strong> La ministra de la Mujer y Poblaciones Vulnerables, Gloria Montenegro, sostuvo hoy que el empoderamiento econ\u00f3mico femenino es la columna vertebral de la gesti\u00f3n de su sector y que la empresa privada es un aliado estrat\u00e9gico para conseguirlo.<\/span><\/p>\n<p><span style=\"color: #000000;\">\u201cAhora, nuestra columna vertebral es el empoderamiento econ\u00f3mico de la mujer en todos los niveles y regiones del pa\u00eds, bajo todos los sistemas que podamos aperturar\u201d, afirm\u00f3.<\/span><\/p>\n<p><span style=\"color: #000000;\">\u201cNo podemos trabajar esto sin la integraci\u00f3n de los sectores de educaci\u00f3n, salud y cultura, pero tambi\u00e9n debemos integrar a la empresa privada dentro de los socios y aliados estrat\u00e9gicos para ese gran cambio que buscamos\u201d, agreg\u00f3.<\/span><\/p>\n<p><span style=\"color: #000000;\">Durante el webinar \u201cHablemos de gobernanza. Escenarios covid: mujeres y \u00e1mbito laboral, una relaci\u00f3n desigual\u201d, organizado por el PNUD y el Ministerio de la Mujer y Poblaciones Vulnerables (MIMP), Gloria Montenegro consider\u00f3 que no solo se debe trabajar en detener la violencia contra las mujeres, sino que se debe empoderarlas para que no haya dependencia.<\/span><\/p>\n<p><span style=\"color: #000000;\">\u201cSi solo atendemos el tema de violencia nos quedar\u00edamos muy cortos, debemos trabajar con una mirada seria para que no haya dependencia emocional, pero que tampoco haya dependencia econ\u00f3mica\u201d, manifest\u00f3.<\/span><\/p>\n<p><span style=\"color: #000000;\">La ministra reconoci\u00f3 que, en este contexto de emergencia por la pandemia, el impacto ha sido mucho m\u00e1s fuerte para las mujeres en relaci\u00f3n al acceso al trabajo y los emprendimientos.<\/span><\/p>\n<p><span style=\"color: #000000;\">\u201cEntonces, debemos ver qu\u00e9 hacemos para que esos telares y collares que confeccionan las mujeres en las comunidades rurales est\u00e9n en internet y se puedan seguir vendiendo a trav\u00e9s de las redes\u201d, dijo.<\/span><\/p>\n<p><span style=\"color: #000000;\">\u201cPero tambi\u00e9n para que las ni\u00f1as que laboran esas prendas puedan tener alternativas para crecer y desarrollarse, y no solamente sobrevivir\u201d, a\u00f1adi\u00f3.<\/span><\/p>\n<p><strong><span style=\"color: #000000;\">Empresa privada<\/span><\/strong><\/p>\n<p><span style=\"color: #000000;\">Gloria Montenegro destac\u00f3 que las empresas privadas juegan un papel fundamental para que las mujeres puedan tener iguales oportunidades laborales y desarrollarse plenamente.<\/span><\/p>\n<p><span style=\"color: #000000;\">\u201cUn actor fundamental e importante son las empresas privadas para abrir las puertas y cambiar procesos y procedimientos de selecci\u00f3n que abran oportunidades en igualdad de condiciones para las mujeres\u201d, afirm\u00f3.<\/span><\/p>\n<p><span style=\"color: #000000;\">\u201cNecesitamos promover herramientas tecnol\u00f3gicas para las mujeres y estamos trabajando para ver c\u00f3mo hacemos programas para que en horas adecuadas puedan aprender m\u00e1s de la plataforma de internet y todo lo que compete en el manejo de las herramientas cibern\u00e9ticas\u201d, agreg\u00f3.<\/span><\/p>\n<p><span style=\"color: #000000;\">La ministra inform\u00f3 que con las empresas privadas se est\u00e1n trabajando una serie de capacitaciones en el empoderamiento de la mujer.<\/span><\/p>\n<p><span style=\"color: #000000;\">\u201cPorque lo que viene puede ser m\u00e1s serio, pero tambi\u00e9n puede representar mejores oportunidades y l\u00edneas para abrir, en la ciencia, tecnolog\u00eda e innovaci\u00f3n, algo que ser\u00e1 fruct\u00edfero para las mujeres\u201d, manifest\u00f3.<\/span><\/p>\n","protected":false},"excerpt":{"rendered":"<p>Impacto de pandemia ha sido mucho m\u00e1s fuerte entre las mujeres en relaci\u00f3n al acceso al trabajo y emprendimientos Lima, 10 Julio 2020, (ANDINA).- La ministra de la Mujer y Poblaciones Vulnerables, Gloria Montenegro, sostuvo hoy que el empoderamiento econ\u00f3mico femenino es la columna vertebral de la gesti\u00f3n de su sector y que la empresa [&hellip;]<\/p>\n","protected":false},"author":1,"featured_media":77179,"comment_status":"open","ping_status":"open","sticky":false,"template":"","format":"standard","meta":{"rop_custom_images_group":[],"rop_custom_messages_group":[],"rop_publish_now":"initial","rop_publish_now_accounts":[],"rop_publish_now_history":[],"rop_publish_now_status":"pending","footnotes":""},"categories":[5],"tags":[2125,757,312],"class_list":["post-77178","post","type-post","status-publish","format-standard","has-post-thumbnail","hentry","category-actualidad-informativa","tag-gloria-montenegro","tag-mimp","tag-ministerio-de-la-mujer"],"_links":{"self":[{"href":"https:\/\/elinformanteperu.com\/index.php\/wp-json\/wp\/v2\/posts\/77178","targetHints":{"allow":["GET"]}}],"collection":[{"href":"https:\/\/elinformanteperu.com\/index.php\/wp-json\/wp\/v2\/posts"}],"about":[{"href":"https:\/\/elinformanteperu.com\/index.php\/wp-json\/wp\/v2\/types\/post"}],"author":[{"embeddable":true,"href":"https:\/\/elinformanteperu.com\/index.php\/wp-json\/wp\/v2\/users\/1"}],"replies":[{"embeddable":true,"href":"https:\/\/elinformanteperu.com\/index.php\/wp-json\/wp\/v2\/comments?post=77178"}],"version-history":[{"count":1,"href":"https:\/\/elinformanteperu.com\/index.php\/wp-json\/wp\/v2\/posts\/77178\/revisions"}],"predecessor-version":[{"id":77180,"href":"https:\/\/elinformanteperu.com\/index.php\/wp-json\/wp\/v2\/posts\/77178\/revisions\/77180"}],"wp:featuredmedia":[{"embeddable":true,"href":"https:\/\/elinformanteperu.com\/index.php\/wp-json\/wp\/v2\/media\/77179"}],"wp:attachment":[{"href":"https:\/\/elinformanteperu.com\/index.php\/wp-json\/wp\/v2\/media?parent=77178"}],"wp:term":[{"taxonomy":"category","embeddable":true,"href":"https:\/\/elinformanteperu.com\/index.php\/wp-json\/wp\/v2\/categories?post=77178"},{"taxonomy":"post_tag","embeddable":true,"href":"https:\/\/elinformanteperu.com\/index.php\/wp-json\/wp\/v2\/tags?post=77178"}],"curies":[{"name":"wp","href":"https:\/\/api.w.org\/{rel}","templated":true}]}}