{"id":77140,"date":"2020-07-10T20:25:04","date_gmt":"2020-07-11T01:25:04","guid":{"rendered":"http:\/\/elinformanteperu.com\/?p=77140"},"modified":"2020-07-10T20:26:02","modified_gmt":"2020-07-11T01:26:02","slug":"puerto-maldonado-conmemora-su-aniversario-con-toque-de-silencio-por-victimas-del-covid-19","status":"publish","type":"post","link":"https:\/\/elinformanteperu.com\/index.php\/2020\/07\/10\/puerto-maldonado-conmemora-su-aniversario-con-toque-de-silencio-por-victimas-del-covid-19\/","title":{"rendered":"Puerto Maldonado conmemora su aniversario con toque de silencio por v\u00edctimas del covid-19"},"content":{"rendered":"<p><strong><span style=\"color: #000000;\">Bandera de Madre de Dios fue izada a media asta en ceremonia presidida por el alcalde Keler Rengifo<\/span><\/strong><\/p>\n<p><span style=\"color: #000000;\"><strong>Puerto Maldonado, 10 Julio 2020, (ANDINA).<\/strong>&#8211; Con la bandera de Madre de Dios a media asta y un toque de silencio en memoria de los fallecidos por el coronavirus, el pueblo y las autoridades de Puerto Maldonado conmemoraron hoy el 118\u00b0 aniversario de fundaci\u00f3n de esta ciudad.<\/span><\/p>\n<p><span style=\"color: #000000;\">El alcalde provincial de Tambopata, Keler Rengifo Khan, presidi\u00f3 la ceremonia protocolar que se inici\u00f3 con el izamiento del Pabell\u00f3n Nacional en la plaza de armas de Puerto Maldonado.<\/span><\/p>\n<p><span style=\"color: #000000;\">En este lugar se dieron cita las principales autoridades locales y regionales, as\u00ed como representantes del Ej\u00e9rcito Peruano y la Polic\u00eda Nacional del Per\u00fa.<\/span><\/p>\n<p><span style=\"color: #000000;\">Respetando las normas de distancia social para evitar contagios de covid-19, el alcalde Rengifo envi\u00f3 un saludo a la ciudadan\u00eda y ratific\u00f3 su compromiso de trabajar en beneficio de la poblaci\u00f3n y por el engrandecimiento de la ciudad y la provincia.<\/span><\/p>\n<p><img fetchpriority=\"high\" decoding=\"async\" class=\"aligncenter size-full wp-image-77143\" src=\"http:\/\/elinformanteperu.com\/wp-content\/uploads\/2020\/07\/puerto-maldonado-ceremonia-en-covid1.jpg\" alt=\"\" width=\"1800\" height=\"1200\" srcset=\"https:\/\/elinformanteperu.com\/wp-content\/uploads\/2020\/07\/puerto-maldonado-ceremonia-en-covid1.jpg 1800w, https:\/\/elinformanteperu.com\/wp-content\/uploads\/2020\/07\/puerto-maldonado-ceremonia-en-covid1-300x200.jpg 300w, https:\/\/elinformanteperu.com\/wp-content\/uploads\/2020\/07\/puerto-maldonado-ceremonia-en-covid1-1024x683.jpg 1024w, https:\/\/elinformanteperu.com\/wp-content\/uploads\/2020\/07\/puerto-maldonado-ceremonia-en-covid1-768x512.jpg 768w, https:\/\/elinformanteperu.com\/wp-content\/uploads\/2020\/07\/puerto-maldonado-ceremonia-en-covid1-1536x1024.jpg 1536w\" sizes=\"(max-width: 1800px) 100vw, 1800px\" \/><\/p>\n","protected":false},"excerpt":{"rendered":"<p>Bandera de Madre de Dios fue izada a media asta en ceremonia presidida por el alcalde Keler Rengifo Puerto Maldonado, 10 Julio 2020, (ANDINA).&#8211; Con la bandera de Madre de Dios a media asta y un toque de silencio en memoria de los fallecidos por el coronavirus, el pueblo y las autoridades de Puerto Maldonado [&hellip;]<\/p>\n","protected":false},"author":1,"featured_media":77141,"comment_status":"open","ping_status":"open","sticky":false,"template":"","format":"standard","meta":{"rop_custom_images_group":[],"rop_custom_messages_group":[],"rop_publish_now":"initial","rop_publish_now_accounts":[],"rop_publish_now_history":[],"rop_publish_now_status":"pending","footnotes":""},"categories":[10],"tags":[3606,4156,4206],"class_list":["post-77140","post","type-post","status-publish","format-standard","has-post-thumbnail","hentry","category-actualidad-municipal","tag-madre-de-dios","tag-puerto-maldonado","tag-tambopata"],"_links":{"self":[{"href":"https:\/\/elinformanteperu.com\/index.php\/wp-json\/wp\/v2\/posts\/77140","targetHints":{"allow":["GET"]}}],"collection":[{"href":"https:\/\/elinformanteperu.com\/index.php\/wp-json\/wp\/v2\/posts"}],"about":[{"href":"https:\/\/elinformanteperu.com\/index.php\/wp-json\/wp\/v2\/types\/post"}],"author":[{"embeddable":true,"href":"https:\/\/elinformanteperu.com\/index.php\/wp-json\/wp\/v2\/users\/1"}],"replies":[{"embeddable":true,"href":"https:\/\/elinformanteperu.com\/index.php\/wp-json\/wp\/v2\/comments?post=77140"}],"version-history":[{"count":2,"href":"https:\/\/elinformanteperu.com\/index.php\/wp-json\/wp\/v2\/posts\/77140\/revisions"}],"predecessor-version":[{"id":77144,"href":"https:\/\/elinformanteperu.com\/index.php\/wp-json\/wp\/v2\/posts\/77140\/revisions\/77144"}],"wp:featuredmedia":[{"embeddable":true,"href":"https:\/\/elinformanteperu.com\/index.php\/wp-json\/wp\/v2\/media\/77141"}],"wp:attachment":[{"href":"https:\/\/elinformanteperu.com\/index.php\/wp-json\/wp\/v2\/media?parent=77140"}],"wp:term":[{"taxonomy":"category","embeddable":true,"href":"https:\/\/elinformanteperu.com\/index.php\/wp-json\/wp\/v2\/categories?post=77140"},{"taxonomy":"post_tag","embeddable":true,"href":"https:\/\/elinformanteperu.com\/index.php\/wp-json\/wp\/v2\/tags?post=77140"}],"curies":[{"name":"wp","href":"https:\/\/api.w.org\/{rel}","templated":true}]}}