{"id":77093,"date":"2020-07-09T23:38:53","date_gmt":"2020-07-10T04:38:53","guid":{"rendered":"http:\/\/elinformanteperu.com\/?p=77093"},"modified":"2020-07-09T23:38:53","modified_gmt":"2020-07-10T04:38:53","slug":"ministro-castaneda-reunion-del-consejo-de-estado-fue-muy-productiva-y-reflexiva","status":"publish","type":"post","link":"https:\/\/elinformanteperu.com\/index.php\/2020\/07\/09\/ministro-castaneda-reunion-del-consejo-de-estado-fue-muy-productiva-y-reflexiva\/","title":{"rendered":"Ministro Casta\u00f1eda: Reuni\u00f3n del Consejo de Estado fue muy productiva y reflexiva"},"content":{"rendered":"<p><strong><span style=\"color: #000000;\">El ministro de Justicia\u00a0 resalt\u00f3 que la reuni\u00f3n del Consejo de Estado fue muy \u201cproductiva, arm\u00f3nica y reflexiva\u201d.<\/span><\/strong><\/p>\n<p><span style=\"color: #000000;\"><strong>Lima, 09 Julio 2020, (ANDINA).-<\/strong> El ministro de Justicia y Derechos Humanos, Fernando Casta\u00f1eda, resalt\u00f3 que la reuni\u00f3n del Consejo de Estado, que se efectu\u00f3 en Palacio de Gobierno, fue muy \u201cproductiva, arm\u00f3nica y reflexiva\u201d pensando en el pa\u00eds.<\/span><\/p>\n<p><span style=\"color: #000000;\">Al realizar un balance de la cita, el funcionario salud\u00f3 los resultados del encuentro y dijo que se seguir\u00e1n propiciando este tipo de reuniones.<\/span><\/p>\n<p><span style=\"color: #000000;\">El Consejo de Estado est\u00e1 formado por las m\u00e1ximas autoridades del Ejecutivo, Congreso, Poder Judicial, Ministerio P\u00fablico, Defensor\u00eda del Pueblo, Contralor\u00eda General de la Rep\u00fablica y Tribunal Constitucional (TC), cuya titular se excus\u00f3 de acudir a la reuni\u00f3n de la fecha.<\/span><\/p>\n<p><span style=\"color: #000000;\">Sobre los alcances del comunicado conjunto tras la cita, Casta\u00f1eda consider\u00f3 importante que haya habido un consenso en destacar y respaldar que la aprobaci\u00f3n de la ley que promueve la idoneidad de candidatos a los cargos p\u00fablicos representativos.<\/span><\/p>\n<p><span style=\"color: #000000;\">\u201cEs una reforma muy importante para nuestro pa\u00eds y que va a impedir la postulaci\u00f3n de aspirantes que presenten sentencia en primera instancia\u201d, recalc\u00f3.<\/span><\/p>\n<p><span style=\"color: #000000;\">El ministro de Justicia manifest\u00f3 su esperanza de \u201cque, en segunda votaci\u00f3n, la representaci\u00f3n pueda ratificar esta voluntad. Es un tema muy importante y se destac\u00f3 en forma un\u00e1nime\u201d.<\/span><\/p>\n<p><span style=\"color: #000000;\">Casta\u00f1eda se refiri\u00f3 tambi\u00e9n al tema de la inmunidad parlamentaria y las prerrogativas retiradas a altos funcionarios del Estado durante el \u00faltimo pleno virtual del Congreso de la Rep\u00fablica.<\/span><\/p>\n<p><span style=\"color: #000000;\">\u201cEl consenso de todo el Consejo de Estado se expres\u00f3 en la necesidad de que este tipo de reformas que tocan los cimientos del r\u00e9gimen pol\u00edtico peruano cuenten con un debate amplio, reflexivo y plural pensando en lo mejor para el pa\u00eds\u201d, asever\u00f3.<\/span><\/p>\n<p><span style=\"color: #000000;\">En declaraciones a RPP, tras participar en la cita, dijo que esta voluntad hab\u00eda sido un com\u00fan denominador en todas las intervenciones de las autoridades.<\/span><\/p>\n<p><span style=\"color: #000000;\">\u201cEl \u00e1nimo ha sido sumamente positivo, como ministro de Estado puedo dar fe de ello. Hubo un consenso muy importante, un balance bastante reflexivo en torno a todo lo que estamos pasando como pa\u00eds en los diversos \u00e1mbitos de nuestras vidas\u201d, recalc\u00f3.<\/span><\/p>\n<p><span style=\"color: #000000;\">El comunicado, sostuvo, refleja justamente esa diversidad de dimensiones en temas de salud y econ\u00f3mico, las elecciones 2021 y, en fin, todo lo que se viene a futuro.<\/span><\/p>\n<p><span style=\"color: #000000;\">\u201cHa sido una reuni\u00f3n cordial y podemos mirar con mucha fe el futuro de la relaci\u00f3n no solo con el Congreso, sino con todas las instituciones porque no hubo ning\u00fan elemento negativo. Es lo que la ciudadan\u00eda nos reclama como autoridades: afiatar reformas y seguir adelante con optimismo\u201d, puntualiz\u00f3.<\/span><\/p>\n","protected":false},"excerpt":{"rendered":"<p>El ministro de Justicia\u00a0 resalt\u00f3 que la reuni\u00f3n del Consejo de Estado fue muy \u201cproductiva, arm\u00f3nica y reflexiva\u201d. Lima, 09 Julio 2020, (ANDINA).- El ministro de Justicia y Derechos Humanos, Fernando Casta\u00f1eda, resalt\u00f3 que la reuni\u00f3n del Consejo de Estado, que se efectu\u00f3 en Palacio de Gobierno, fue muy \u201cproductiva, arm\u00f3nica y reflexiva\u201d pensando en [&hellip;]<\/p>\n","protected":false},"author":1,"featured_media":77094,"comment_status":"open","ping_status":"open","sticky":false,"template":"","format":"standard","meta":{"rop_custom_images_group":[],"rop_custom_messages_group":[],"rop_publish_now":"initial","rop_publish_now_accounts":[],"rop_publish_now_history":[],"rop_publish_now_status":"pending","footnotes":""},"categories":[5],"tags":[5310,2396,1421],"class_list":["post-77093","post","type-post","status-publish","format-standard","has-post-thumbnail","hentry","category-actualidad-informativa","tag-fernando-castaneda","tag-minjus","tag-poder-ejecutivo"],"_links":{"self":[{"href":"https:\/\/elinformanteperu.com\/index.php\/wp-json\/wp\/v2\/posts\/77093","targetHints":{"allow":["GET"]}}],"collection":[{"href":"https:\/\/elinformanteperu.com\/index.php\/wp-json\/wp\/v2\/posts"}],"about":[{"href":"https:\/\/elinformanteperu.com\/index.php\/wp-json\/wp\/v2\/types\/post"}],"author":[{"embeddable":true,"href":"https:\/\/elinformanteperu.com\/index.php\/wp-json\/wp\/v2\/users\/1"}],"replies":[{"embeddable":true,"href":"https:\/\/elinformanteperu.com\/index.php\/wp-json\/wp\/v2\/comments?post=77093"}],"version-history":[{"count":1,"href":"https:\/\/elinformanteperu.com\/index.php\/wp-json\/wp\/v2\/posts\/77093\/revisions"}],"predecessor-version":[{"id":77095,"href":"https:\/\/elinformanteperu.com\/index.php\/wp-json\/wp\/v2\/posts\/77093\/revisions\/77095"}],"wp:featuredmedia":[{"embeddable":true,"href":"https:\/\/elinformanteperu.com\/index.php\/wp-json\/wp\/v2\/media\/77094"}],"wp:attachment":[{"href":"https:\/\/elinformanteperu.com\/index.php\/wp-json\/wp\/v2\/media?parent=77093"}],"wp:term":[{"taxonomy":"category","embeddable":true,"href":"https:\/\/elinformanteperu.com\/index.php\/wp-json\/wp\/v2\/categories?post=77093"},{"taxonomy":"post_tag","embeddable":true,"href":"https:\/\/elinformanteperu.com\/index.php\/wp-json\/wp\/v2\/tags?post=77093"}],"curies":[{"name":"wp","href":"https:\/\/api.w.org\/{rel}","templated":true}]}}