{"id":77091,"date":"2020-07-09T23:35:36","date_gmt":"2020-07-10T04:35:36","guid":{"rendered":"http:\/\/elinformanteperu.com\/?p=77091"},"modified":"2020-07-09T23:35:36","modified_gmt":"2020-07-10T04:35:36","slug":"elecciones-2021-app-saluda-convocatoria-a-comicios-generales-del-11-de-abril","status":"publish","type":"post","link":"https:\/\/elinformanteperu.com\/index.php\/2020\/07\/09\/elecciones-2021-app-saluda-convocatoria-a-comicios-generales-del-11-de-abril\/","title":{"rendered":"Elecciones 2021: APP saluda convocatoria a comicios generales del 11 de abril"},"content":{"rendered":"<p><strong><span style=\"color: #000000;\">La congresista Carmen Omonte Durand (APP) salud\u00f3 la convocatoria a elecciones generales del 2021.<\/span><\/strong><\/p>\n<p><span style=\"color: #000000;\"><strong>Lima, 09 Julio 2020, (ANDINA).-<\/strong> La congresista Carmen Omonte Durand (APP) salud\u00f3 la convocatoria a elecciones generales del 2021, hecha por el Presidente de la Rep\u00fablica, Mart\u00edn Vizcarra Cornejo, que -dijo- est\u00e1 cumpliendo con su responsabilidad.<\/span><\/p>\n<p><span style=\"color: #000000;\">En di\u00e1logo con la Agencia Andina, la legisladora de Alianza para el Progreso expres\u00f3 su confianza en que la convocatoria haya sido producto de un an\u00e1lisis muy cuidadoso de los riesgos existentes.<\/span><\/p>\n<p><span style=\"color: #000000;\">\u201cNo solo respecto a las aglomeraciones, movilizaciones, de las personas en la campa\u00f1a electoral, sino fundamentalmente en el mismo d\u00eda de los sufragios, tanto en primera como en segunda vuelta\u201d, recalc\u00f3.<\/span><\/p>\n<p><span style=\"color: #000000;\">La tambi\u00e9n exministra dijo que se debe haber efectuado un an\u00e1lisis de las implicancias, en primer lugar, respecto al tema de riesgos de la salud de la poblaci\u00f3n.<\/span><\/p>\n<p><span style=\"color: #000000;\">\u201cEn segundo lugar est\u00e1 el derecho que tienen los ciudadanos a ir a las urnas en total seguridad y que durante la campa\u00f1a misma cuenten con la posibilidad de escuchar las propuestas de sus candidatos democr\u00e1ticamente\u201d, refiri\u00f3<\/span><\/p>\n<p><span style=\"color: #000000;\">Omonte manifest\u00f3 que no todos los ciudadanos tienen acceso a internet o manejan las redes sociales. \u201cUna de las discusiones en la Comisi\u00f3n de Constituci\u00f3n que evaluaba este caso era justamente las posibilidades que se podr\u00edan plantear para minimizar los riesgos en la salud\u201d.<\/span><\/p>\n<p><span style=\"color: #000000;\">Todav\u00eda, record\u00f3, estamos en una crisis en la que no se sabe exactamente cu\u00e1ndo vamos a poder tener ya la tranquilidad de convocar a reuniones y que finalmente no existan riesgos para la salud de las personas.<\/span><\/p>\n","protected":false},"excerpt":{"rendered":"<p>La congresista Carmen Omonte Durand (APP) salud\u00f3 la convocatoria a elecciones generales del 2021. Lima, 09 Julio 2020, (ANDINA).- La congresista Carmen Omonte Durand (APP) salud\u00f3 la convocatoria a elecciones generales del 2021, hecha por el Presidente de la Rep\u00fablica, Mart\u00edn Vizcarra Cornejo, que -dijo- est\u00e1 cumpliendo con su responsabilidad. En di\u00e1logo con la Agencia [&hellip;]<\/p>\n","protected":false},"author":1,"featured_media":71577,"comment_status":"open","ping_status":"open","sticky":false,"template":"","format":"standard","meta":{"rop_custom_images_group":[],"rop_custom_messages_group":[],"rop_publish_now":"initial","rop_publish_now_accounts":[],"rop_publish_now_history":[],"rop_publish_now_status":"pending","footnotes":""},"categories":[5],"tags":[275,276,5189,192],"class_list":["post-77091","post","type-post","status-publish","format-standard","has-post-thumbnail","hentry","category-actualidad-informativa","tag-alianza-para-el-progreso","tag-app","tag-carmen-omonte","tag-congreso"],"_links":{"self":[{"href":"https:\/\/elinformanteperu.com\/index.php\/wp-json\/wp\/v2\/posts\/77091","targetHints":{"allow":["GET"]}}],"collection":[{"href":"https:\/\/elinformanteperu.com\/index.php\/wp-json\/wp\/v2\/posts"}],"about":[{"href":"https:\/\/elinformanteperu.com\/index.php\/wp-json\/wp\/v2\/types\/post"}],"author":[{"embeddable":true,"href":"https:\/\/elinformanteperu.com\/index.php\/wp-json\/wp\/v2\/users\/1"}],"replies":[{"embeddable":true,"href":"https:\/\/elinformanteperu.com\/index.php\/wp-json\/wp\/v2\/comments?post=77091"}],"version-history":[{"count":1,"href":"https:\/\/elinformanteperu.com\/index.php\/wp-json\/wp\/v2\/posts\/77091\/revisions"}],"predecessor-version":[{"id":77092,"href":"https:\/\/elinformanteperu.com\/index.php\/wp-json\/wp\/v2\/posts\/77091\/revisions\/77092"}],"wp:featuredmedia":[{"embeddable":true,"href":"https:\/\/elinformanteperu.com\/index.php\/wp-json\/wp\/v2\/media\/71577"}],"wp:attachment":[{"href":"https:\/\/elinformanteperu.com\/index.php\/wp-json\/wp\/v2\/media?parent=77091"}],"wp:term":[{"taxonomy":"category","embeddable":true,"href":"https:\/\/elinformanteperu.com\/index.php\/wp-json\/wp\/v2\/categories?post=77091"},{"taxonomy":"post_tag","embeddable":true,"href":"https:\/\/elinformanteperu.com\/index.php\/wp-json\/wp\/v2\/tags?post=77091"}],"curies":[{"name":"wp","href":"https:\/\/api.w.org\/{rel}","templated":true}]}}