{"id":77088,"date":"2020-07-09T23:33:55","date_gmt":"2020-07-10T04:33:55","guid":{"rendered":"http:\/\/elinformanteperu.com\/?p=77088"},"modified":"2020-07-09T23:33:55","modified_gmt":"2020-07-10T04:33:55","slug":"consejo-de-estado-llama-a-la-poblacion-a-no-bajar-la-guardia-frente-al-covid-19","status":"publish","type":"post","link":"https:\/\/elinformanteperu.com\/index.php\/2020\/07\/09\/consejo-de-estado-llama-a-la-poblacion-a-no-bajar-la-guardia-frente-al-covid-19\/","title":{"rendered":"Consejo de Estado llama a la poblaci\u00f3n a no bajar la guardia frente al covid-19"},"content":{"rendered":"<p><strong><span style=\"color: #000000;\">Es necesario que peruanos sean m\u00e1s responsables en esta nueva convivencia, afirma<\/span><\/strong><\/p>\n<p><span style=\"color: #000000;\"><strong>Lima, 09 Julio 2020, (ANDINA).-<\/strong> El Consejo de Estado formul\u00f3 un llamado a la poblaci\u00f3n de Per\u00fa a \u201cno bajar la guardia\u201d en la lucha contra el covid-19 y ser responsables en esta nueva convivencia establecida mediante la cuarentena focalizada.<\/span><\/p>\n<p><span style=\"color: #000000;\">En un comunicado, tras la reuni\u00f3n en Palacio de Gobierno, se revel\u00f3 que durante la cita el Poder Ejecutivo inform\u00f3 sobre la evoluci\u00f3n del covid-19, as\u00ed como las acciones y esfuerzos que se desarrollan para lograr mejores resultados.<\/span><\/p>\n<p><span style=\"color: #000000;\">\u201cAdem\u00e1s, se evidenci\u00f3 que ha mejorado la capacidad de respuesta sanitaria ante la pandemia. En ese sentido, se acord\u00f3 hacer un llamado a la poblaci\u00f3n a no bajar la guardia y ser a\u00fan m\u00e1s responsable en esta nueva convivencia\u201d.<\/span><\/p>\n<p><span style=\"color: #000000;\">Otro aspecto que se abord\u00f3 fue la importancia de la reactivaci\u00f3n econ\u00f3mica para generar fuentes de trabajo destinadas a lograr el bienestar de todos los peruanos.<\/span><\/p>\n<p><span style=\"color: #000000;\">\u201cAsimismo, se requiere mejorar la eficiencia del gasto p\u00fablico en los tres niveles de gobierno\u201d, se agreg\u00f3 en el comunicado.<\/span><\/p>\n<p><span style=\"color: #000000;\">Los miembros del Consejo de Estado tambi\u00e9n \u201csaludaron la convocatoria de las elecciones generales para el 11 de abril del 2021, lo que fortalece la gobernabilidad y el sistema democr\u00e1tico\u201d.<\/span><\/p>\n","protected":false},"excerpt":{"rendered":"<p>Es necesario que peruanos sean m\u00e1s responsables en esta nueva convivencia, afirma Lima, 09 Julio 2020, (ANDINA).- El Consejo de Estado formul\u00f3 un llamado a la poblaci\u00f3n de Per\u00fa a \u201cno bajar la guardia\u201d en la lucha contra el covid-19 y ser responsables en esta nueva convivencia establecida mediante la cuarentena focalizada. En un comunicado, [&hellip;]<\/p>\n","protected":false},"author":1,"featured_media":77089,"comment_status":"open","ping_status":"open","sticky":false,"template":"","format":"standard","meta":{"rop_custom_images_group":[],"rop_custom_messages_group":[],"rop_publish_now":"initial","rop_publish_now_accounts":[],"rop_publish_now_history":[],"rop_publish_now_status":"pending","footnotes":""},"categories":[5],"tags":[5236,5364,1421],"class_list":["post-77088","post","type-post","status-publish","format-standard","has-post-thumbnail","hentry","category-actualidad-informativa","tag-coronavirus","tag-covid-19","tag-poder-ejecutivo"],"_links":{"self":[{"href":"https:\/\/elinformanteperu.com\/index.php\/wp-json\/wp\/v2\/posts\/77088","targetHints":{"allow":["GET"]}}],"collection":[{"href":"https:\/\/elinformanteperu.com\/index.php\/wp-json\/wp\/v2\/posts"}],"about":[{"href":"https:\/\/elinformanteperu.com\/index.php\/wp-json\/wp\/v2\/types\/post"}],"author":[{"embeddable":true,"href":"https:\/\/elinformanteperu.com\/index.php\/wp-json\/wp\/v2\/users\/1"}],"replies":[{"embeddable":true,"href":"https:\/\/elinformanteperu.com\/index.php\/wp-json\/wp\/v2\/comments?post=77088"}],"version-history":[{"count":1,"href":"https:\/\/elinformanteperu.com\/index.php\/wp-json\/wp\/v2\/posts\/77088\/revisions"}],"predecessor-version":[{"id":77090,"href":"https:\/\/elinformanteperu.com\/index.php\/wp-json\/wp\/v2\/posts\/77088\/revisions\/77090"}],"wp:featuredmedia":[{"embeddable":true,"href":"https:\/\/elinformanteperu.com\/index.php\/wp-json\/wp\/v2\/media\/77089"}],"wp:attachment":[{"href":"https:\/\/elinformanteperu.com\/index.php\/wp-json\/wp\/v2\/media?parent=77088"}],"wp:term":[{"taxonomy":"category","embeddable":true,"href":"https:\/\/elinformanteperu.com\/index.php\/wp-json\/wp\/v2\/categories?post=77088"},{"taxonomy":"post_tag","embeddable":true,"href":"https:\/\/elinformanteperu.com\/index.php\/wp-json\/wp\/v2\/tags?post=77088"}],"curies":[{"name":"wp","href":"https:\/\/api.w.org\/{rel}","templated":true}]}}