{"id":77086,"date":"2020-07-09T23:30:16","date_gmt":"2020-07-10T04:30:16","guid":{"rendered":"http:\/\/elinformanteperu.com\/?p=77086"},"modified":"2020-07-09T23:30:48","modified_gmt":"2020-07-10T04:30:48","slug":"fiscal-avalos-presenta-dos-denuncias-constitucionales-contra-congresista-edgar-alarcon","status":"publish","type":"post","link":"https:\/\/elinformanteperu.com\/index.php\/2020\/07\/09\/fiscal-avalos-presenta-dos-denuncias-constitucionales-contra-congresista-edgar-alarcon\/","title":{"rendered":"Fiscal \u00c1valos presenta dos denuncias constitucionales contra congresista Edgar Alarc\u00f3n"},"content":{"rendered":"<p><strong><span style=\"color: #000000;\">Por presuntas irregularidades cometidas durante su desempe\u00f1o como contralor general de la Rep\u00fablica<\/span><\/strong><\/p>\n<p><span style=\"color: #000000;\"><strong>Lima, 09 Julio 2020, (ANDINA).-<\/strong> La fiscal de la Naci\u00f3n, Zoraida \u00c1valos, present\u00f3 ante el Parlamento dos denuncias constitucionales contra el actual presidente de la Comisi\u00f3n de Fiscalizaci\u00f3n y Contralor\u00eda del Congreso, Edgar Alarc\u00f3n Tejada (Uni\u00f3n por el Per\u00fa).<\/span><\/p>\n<p><span style=\"color: #000000;\">Las acusaciones planteadas son por peculado doloso y por enriquecimiento il\u00edcito, inform\u00f3 el Ministerio P\u00fablico.<\/span><\/p>\n<p><span style=\"color: #000000;\">La Fiscal\u00eda precis\u00f3 que los hechos materia de denuncia corresponden a su ejercicio como contralor general de la Rep\u00fablica.<\/span><\/p>\n<p><span style=\"color: #000000;\">En julio del 2017, Alarc\u00f3n fue removido del puesto de contralor general de la Rep\u00fablica por una determinaci\u00f3n del Parlamento.<\/span><\/p>\n<p><span style=\"color: #000000;\">Fue acusado de faltas e irregularidades cometidas durante su trabajo en esa entidad por una subcomisi\u00f3n liderada por el entonces legislador Marco Arana.<\/span><\/p>\n","protected":false},"excerpt":{"rendered":"<p>Por presuntas irregularidades cometidas durante su desempe\u00f1o como contralor general de la Rep\u00fablica Lima, 09 Julio 2020, (ANDINA).- La fiscal de la Naci\u00f3n, Zoraida \u00c1valos, present\u00f3 ante el Parlamento dos denuncias constitucionales contra el actual presidente de la Comisi\u00f3n de Fiscalizaci\u00f3n y Contralor\u00eda del Congreso, Edgar Alarc\u00f3n Tejada (Uni\u00f3n por el Per\u00fa). Las acusaciones planteadas [&hellip;]<\/p>\n","protected":false},"author":1,"featured_media":71192,"comment_status":"open","ping_status":"open","sticky":false,"template":"","format":"standard","meta":{"rop_custom_images_group":[],"rop_custom_messages_group":[],"rop_publish_now":"initial","rop_publish_now_accounts":[],"rop_publish_now_history":[],"rop_publish_now_status":"pending","footnotes":""},"categories":[5,5745],"tags":[192,855,430,3584],"class_list":["post-77086","post","type-post","status-publish","format-standard","has-post-thumbnail","hentry","category-actualidad-informativa","category-lo-ultimo","tag-congreso","tag-edgar-alarcon","tag-fiscalia","tag-union-por-el-peru"],"_links":{"self":[{"href":"https:\/\/elinformanteperu.com\/index.php\/wp-json\/wp\/v2\/posts\/77086","targetHints":{"allow":["GET"]}}],"collection":[{"href":"https:\/\/elinformanteperu.com\/index.php\/wp-json\/wp\/v2\/posts"}],"about":[{"href":"https:\/\/elinformanteperu.com\/index.php\/wp-json\/wp\/v2\/types\/post"}],"author":[{"embeddable":true,"href":"https:\/\/elinformanteperu.com\/index.php\/wp-json\/wp\/v2\/users\/1"}],"replies":[{"embeddable":true,"href":"https:\/\/elinformanteperu.com\/index.php\/wp-json\/wp\/v2\/comments?post=77086"}],"version-history":[{"count":1,"href":"https:\/\/elinformanteperu.com\/index.php\/wp-json\/wp\/v2\/posts\/77086\/revisions"}],"predecessor-version":[{"id":77087,"href":"https:\/\/elinformanteperu.com\/index.php\/wp-json\/wp\/v2\/posts\/77086\/revisions\/77087"}],"wp:featuredmedia":[{"embeddable":true,"href":"https:\/\/elinformanteperu.com\/index.php\/wp-json\/wp\/v2\/media\/71192"}],"wp:attachment":[{"href":"https:\/\/elinformanteperu.com\/index.php\/wp-json\/wp\/v2\/media?parent=77086"}],"wp:term":[{"taxonomy":"category","embeddable":true,"href":"https:\/\/elinformanteperu.com\/index.php\/wp-json\/wp\/v2\/categories?post=77086"},{"taxonomy":"post_tag","embeddable":true,"href":"https:\/\/elinformanteperu.com\/index.php\/wp-json\/wp\/v2\/tags?post=77086"}],"curies":[{"name":"wp","href":"https:\/\/api.w.org\/{rel}","templated":true}]}}