{"id":77084,"date":"2020-07-09T23:28:20","date_gmt":"2020-07-10T04:28:20","guid":{"rendered":"http:\/\/elinformanteperu.com\/?p=77084"},"modified":"2020-07-09T23:28:20","modified_gmt":"2020-07-10T04:28:20","slug":"convocatoria-a-elecciones-muestra-total-conviccion-con-la-democracia","status":"publish","type":"post","link":"https:\/\/elinformanteperu.com\/index.php\/2020\/07\/09\/convocatoria-a-elecciones-muestra-total-conviccion-con-la-democracia\/","title":{"rendered":"Convocatoria a elecciones muestra total convicci\u00f3n con la democracia"},"content":{"rendered":"<p><strong><span style=\"color: #000000;\">Sostiene ministro de Agricultura, Jorge Montenegro<\/span><\/strong><\/p>\n<p><span style=\"color: #000000;\"><strong>Lima, 09 Julio 2020, (ANDINA).-<\/strong> El titular de Agricultura, Jorge Montenegro, sostuvo hoy que el presidente Mart\u00edn Vizcarra ratific\u00f3 su compromiso con el llamado a las elecciones del pr\u00f3ximo a\u00f1o.<\/span><\/p>\n<p><span style=\"color: #000000;\">Mediante su cuenta en Twitter resalt\u00f3 que, de esta manera, el Jefe del Estado cumple con la democracia<\/span><br \/>\n<span style=\"color: #000000;\">transparentando el trabajo del Ejecutivo.<\/span><\/p>\n<p><span style=\"color: #000000;\">\u00abEsta convocatoria a las pr\u00f3ximas elecciones muestra la total convicci\u00f3n del Gobierno con las reglas de la democracia, la alternancia en el poder y el derecho del pueblo a elegir a sus autoridades\u00bb, remarc\u00f3.<\/span><\/p>\n<p><span style=\"color: #000000;\">Por otro lado, Montenegro expres\u00f3 sus deseos de pronta recuperaci\u00f3n a la ministra de la Producci\u00f3n, Roc\u00edo Barrios, quien dio positivo al covid-19.<\/span><\/p>\n<p><span style=\"color: #000000;\">Asimismo, el ministro ratific\u00f3 su compromiso con los peque\u00f1os agricultores y agricultoras del pa\u00eds.<\/span><\/p>\n<p><span style=\"color: #000000;\">\u00abHoy se aprob\u00f3 el FAE-Agro, que permitir\u00e1 continuar con la producci\u00f3n agraria \u00a1Mi agradecimiento desde lo m\u00e1s profundo de mi coraz\u00f3n por su loable labor de garantizar nuestra alimentaci\u00f3n!\u00bb, enfatiz\u00f3.<\/span><\/p>\n","protected":false},"excerpt":{"rendered":"<p>Sostiene ministro de Agricultura, Jorge Montenegro Lima, 09 Julio 2020, (ANDINA).- El titular de Agricultura, Jorge Montenegro, sostuvo hoy que el presidente Mart\u00edn Vizcarra ratific\u00f3 su compromiso con el llamado a las elecciones del pr\u00f3ximo a\u00f1o. Mediante su cuenta en Twitter resalt\u00f3 que, de esta manera, el Jefe del Estado cumple con la democracia transparentando [&hellip;]<\/p>\n","protected":false},"author":1,"featured_media":70741,"comment_status":"open","ping_status":"open","sticky":false,"template":"","format":"standard","meta":{"rop_custom_images_group":[],"rop_custom_messages_group":[],"rop_publish_now":"initial","rop_publish_now_accounts":[],"rop_publish_now_history":[],"rop_publish_now_status":"pending","footnotes":""},"categories":[5],"tags":[5363,364,363],"class_list":["post-77084","post","type-post","status-publish","format-standard","has-post-thumbnail","hentry","category-actualidad-informativa","tag-jorge-montenegro","tag-minagri","tag-ministerio-de-agricultura"],"_links":{"self":[{"href":"https:\/\/elinformanteperu.com\/index.php\/wp-json\/wp\/v2\/posts\/77084","targetHints":{"allow":["GET"]}}],"collection":[{"href":"https:\/\/elinformanteperu.com\/index.php\/wp-json\/wp\/v2\/posts"}],"about":[{"href":"https:\/\/elinformanteperu.com\/index.php\/wp-json\/wp\/v2\/types\/post"}],"author":[{"embeddable":true,"href":"https:\/\/elinformanteperu.com\/index.php\/wp-json\/wp\/v2\/users\/1"}],"replies":[{"embeddable":true,"href":"https:\/\/elinformanteperu.com\/index.php\/wp-json\/wp\/v2\/comments?post=77084"}],"version-history":[{"count":1,"href":"https:\/\/elinformanteperu.com\/index.php\/wp-json\/wp\/v2\/posts\/77084\/revisions"}],"predecessor-version":[{"id":77085,"href":"https:\/\/elinformanteperu.com\/index.php\/wp-json\/wp\/v2\/posts\/77084\/revisions\/77085"}],"wp:featuredmedia":[{"embeddable":true,"href":"https:\/\/elinformanteperu.com\/index.php\/wp-json\/wp\/v2\/media\/70741"}],"wp:attachment":[{"href":"https:\/\/elinformanteperu.com\/index.php\/wp-json\/wp\/v2\/media?parent=77084"}],"wp:term":[{"taxonomy":"category","embeddable":true,"href":"https:\/\/elinformanteperu.com\/index.php\/wp-json\/wp\/v2\/categories?post=77084"},{"taxonomy":"post_tag","embeddable":true,"href":"https:\/\/elinformanteperu.com\/index.php\/wp-json\/wp\/v2\/tags?post=77084"}],"curies":[{"name":"wp","href":"https:\/\/api.w.org\/{rel}","templated":true}]}}