{"id":77081,"date":"2020-07-09T23:26:34","date_gmt":"2020-07-10T04:26:34","guid":{"rendered":"http:\/\/elinformanteperu.com\/?p=77081"},"modified":"2020-07-09T23:26:34","modified_gmt":"2020-07-10T04:26:34","slug":"comision-de-constitucion-necesita-una-reformulacion-afirma-ex-defensor-del-pueblo","status":"publish","type":"post","link":"https:\/\/elinformanteperu.com\/index.php\/2020\/07\/09\/comision-de-constitucion-necesita-una-reformulacion-afirma-ex-defensor-del-pueblo\/","title":{"rendered":"Comisi\u00f3n de Constituci\u00f3n necesita una reformulaci\u00f3n, afirma ex defensor del pueblo"},"content":{"rendered":"<p><strong><span style=\"color: #000000;\">La Comisi\u00f3n de Constituci\u00f3n del Congreso necesita por lo menos una reformulaci\u00f3n o redise\u00f1o, sostuvo el ex defensor del pueblo Walter Alb\u00e1n.<\/span><\/strong><\/p>\n<p><span style=\"color: #000000;\"><strong>Lima, 09 Julio 2020, (ANDINA).-<\/strong> La Comisi\u00f3n de Constituci\u00f3n del Congreso necesita por lo menos una reformulaci\u00f3n o redise\u00f1o, sostuvo el ex defensor del pueblo Walter Alb\u00e1n, al comentar la forma como se aprob\u00f3 la eliminaci\u00f3n de la inmunidad parlamentaria y prerrogativas de altos funcionarios.<\/span><\/p>\n<p><span style=\"color: #000000;\">Lo aprobado en el Congreso, asever\u00f3 Alb\u00e1n, ha golpeado la institucionalidad del pa\u00eds y empuja hacia el abismo la posibilidad de contar con una aut\u00e9ntica reforma pol\u00edtica.<\/span><\/p>\n<p><span style=\"color: #000000;\">En el caso puntual de la Comisi\u00f3n de Constituci\u00f3n advirti\u00f3 que esta dio cuenta de propuestas sobre la inmunidad que fueron cambiando y no se consultaron a los expertos de su consejo consultivo, lo que dej\u00f3 una mala impresi\u00f3n y cr\u00edticas.<\/span><\/p>\n<p><span style=\"color: #000000;\">Dijo que si bien la presidencia de dicho grupo de trabajo no es la \u00fanica responsable, lo sucedido debe ser materia de revisi\u00f3n.<\/span><\/p>\n<p><span style=\"color: #000000;\">En general, el exdefensor refiri\u00f3 que las comisiones de este Parlamento parecen estar contra la pared cuando muchos proyectos pasan de frente al pleno, sin reflexi\u00f3n ni debate previo en comisi\u00f3n.<\/span><\/p>\n<p><span style=\"color: #000000;\">\u00abLa excepci\u00f3n del tr\u00e1mite a comisiones parece la regla y no la excepci\u00f3n. Todo eso debe ser revisado\u00bb, manifest\u00f3 en declaraciones a la Agencia Andina.<\/span><\/p>\n<p><strong><span style=\"color: #000000;\">Cambios de opini\u00f3n<\/span><\/strong><\/p>\n<p><span style=\"color: #000000;\">Sobre los congresistas que apoyaron con sus votos el levantamiento de la inmunidad y ahora dicen que no la apoyar\u00e1n en segunda votaci\u00f3n, sostuvo que \u00abla irresponsabilidad de algunas personas no tiene l\u00edmites y se maneja bajo el criterio de lo que puede caerle m\u00e1s simp\u00e1tico a la poblaci\u00f3n\u00bb.<\/span><\/p>\n<p><span style=\"color: #000000;\">\u00abPor all\u00ed advierten que esto no contribuye a levantar su figura pol\u00edtica y toman distancia, esperemos que la rectificaci\u00f3n sea seria en este caso y en decisiones futuras\u00bb, sentenci\u00f3.<\/span><\/p>\n<p><strong><span style=\"color: #000000;\">Consejo de Estado<\/span><\/strong><\/p>\n<p><span style=\"color: #000000;\">Para Alb\u00e1n, la convocatoria al Consejo de Estado formulada por el Ejecutivo puede ser uno de los caminos, a fin de llegar a una salida al problema generado por la reforma de inmunidad aprobada.<\/span><\/p>\n<p><span style=\"color: #000000;\">\u00abEl Consejo de Estado ha funcionado en otras circunstancias, ya que es un espacio que puede ayudar a retomar la cordura; esperemos que ayude, pero no sabemos si ser\u00e1 suficiente. Por eso, la sociedad civil debe estar m\u00e1s activa\u00bb, agreg\u00f3.<\/span><\/p>\n","protected":false},"excerpt":{"rendered":"<p>La Comisi\u00f3n de Constituci\u00f3n del Congreso necesita por lo menos una reformulaci\u00f3n o redise\u00f1o, sostuvo el ex defensor del pueblo Walter Alb\u00e1n. Lima, 09 Julio 2020, (ANDINA).- La Comisi\u00f3n de Constituci\u00f3n del Congreso necesita por lo menos una reformulaci\u00f3n o redise\u00f1o, sostuvo el ex defensor del pueblo Walter Alb\u00e1n, al comentar la forma como se [&hellip;]<\/p>\n","protected":false},"author":1,"featured_media":77082,"comment_status":"open","ping_status":"open","sticky":false,"template":"","format":"standard","meta":{"rop_custom_images_group":[],"rop_custom_messages_group":[],"rop_publish_now":"initial","rop_publish_now_accounts":[],"rop_publish_now_history":[],"rop_publish_now_status":"pending","footnotes":""},"categories":[5],"tags":[192,1205],"class_list":["post-77081","post","type-post","status-publish","format-standard","has-post-thumbnail","hentry","category-actualidad-informativa","tag-congreso","tag-walter-alban"],"_links":{"self":[{"href":"https:\/\/elinformanteperu.com\/index.php\/wp-json\/wp\/v2\/posts\/77081","targetHints":{"allow":["GET"]}}],"collection":[{"href":"https:\/\/elinformanteperu.com\/index.php\/wp-json\/wp\/v2\/posts"}],"about":[{"href":"https:\/\/elinformanteperu.com\/index.php\/wp-json\/wp\/v2\/types\/post"}],"author":[{"embeddable":true,"href":"https:\/\/elinformanteperu.com\/index.php\/wp-json\/wp\/v2\/users\/1"}],"replies":[{"embeddable":true,"href":"https:\/\/elinformanteperu.com\/index.php\/wp-json\/wp\/v2\/comments?post=77081"}],"version-history":[{"count":1,"href":"https:\/\/elinformanteperu.com\/index.php\/wp-json\/wp\/v2\/posts\/77081\/revisions"}],"predecessor-version":[{"id":77083,"href":"https:\/\/elinformanteperu.com\/index.php\/wp-json\/wp\/v2\/posts\/77081\/revisions\/77083"}],"wp:featuredmedia":[{"embeddable":true,"href":"https:\/\/elinformanteperu.com\/index.php\/wp-json\/wp\/v2\/media\/77082"}],"wp:attachment":[{"href":"https:\/\/elinformanteperu.com\/index.php\/wp-json\/wp\/v2\/media?parent=77081"}],"wp:term":[{"taxonomy":"category","embeddable":true,"href":"https:\/\/elinformanteperu.com\/index.php\/wp-json\/wp\/v2\/categories?post=77081"},{"taxonomy":"post_tag","embeddable":true,"href":"https:\/\/elinformanteperu.com\/index.php\/wp-json\/wp\/v2\/tags?post=77081"}],"curies":[{"name":"wp","href":"https:\/\/api.w.org\/{rel}","templated":true}]}}