{"id":77079,"date":"2020-07-09T23:23:33","date_gmt":"2020-07-10T04:23:33","guid":{"rendered":"http:\/\/elinformanteperu.com\/?p=77079"},"modified":"2020-07-09T23:23:33","modified_gmt":"2020-07-10T04:23:33","slug":"zeballos-expresa-preocupacion-por-aprobacion-de-normas-sin-el-debate-adecuado","status":"publish","type":"post","link":"https:\/\/elinformanteperu.com\/index.php\/2020\/07\/09\/zeballos-expresa-preocupacion-por-aprobacion-de-normas-sin-el-debate-adecuado\/","title":{"rendered":"Zeballos expresa preocupaci\u00f3n por aprobaci\u00f3n de normas sin el debate adecuado"},"content":{"rendered":"<p><strong><span style=\"color: #000000;\">El presidente del Consejo de Ministros, Vicente Zeballos, expres\u00f3 su preocupaci\u00f3n por la aprobaci\u00f3n de proyectos de ley en el Congreso.<\/span><\/strong><\/p>\n<p><span style=\"color: #000000;\"><strong>Lima, 09 Julio 2020, (ANDINA).-<\/strong> El presidente del Consejo de Ministros, Vicente Zeballos, expres\u00f3 su preocupaci\u00f3n por la aprobaci\u00f3n de proyectos de ley en el Congreso, sin seguir el procedimiento de deliberaci\u00f3n y debate adecuado, ello luego de conocer el dictamen que propone el congelamiento de deudas bancarias en el marco de la emergencia por el covid-19.<\/span><\/p>\n<p><span style=\"color: #000000;\">En la v\u00edspera, la Comisi\u00f3n de Econom\u00eda del Congreso aprob\u00f3 un dictamen que propone el congelamiento de deudas bancarias, que busca no generar cargos adicionales a los usuarios que no hayan pagado las cuotas de sus deudas durante los meses de emergencia o 90 d\u00edas tras la entrada en vigencia de la norma.<\/span><\/p>\n<p><span style=\"color: #000000;\">\u00abEl propio Tribunal Constitucional dice, en un fallo que dio por el tema de la cuesti\u00f3n de confianza, que una norma de esa dimensi\u00f3n no solo necesita de los votos, sino de la legitimidad de la deliberaci\u00f3n. En escasamente diez minutos una norma tan potente, de tal impacto social y econ\u00f3mico para el pa\u00eds, no puede darse en tan reducido espacio, m\u00e1s si la ley es como una imposici\u00f3n\u00bb, dijo en Radio Nacional.<\/span><\/p>\n<p><span style=\"color: #000000;\">En ese sentido, Zeballos precis\u00f3 que como gobierno ratifican la defensa de las competencias constitucionales, pues el que dirige la pol\u00edtica general, donde se compromete el manejo econ\u00f3mico, financiero y presupuestal, es el Poder Ejecutivo.<\/span><\/p>\n<p><span style=\"color: #000000;\">\u00abQuien administra las finanzas p\u00fablicas es el Poder Ejecutivo y un elemento adicional es que estamos en una crisis, y en una crisis debe haber unidad y orden, y este orden lo lidera el Ejecutivo a instancias del Ministerio de Econom\u00eda emitiendo una serie de lineamientos de car\u00e1cter integral\u00bb, asegur\u00f3.<\/span><\/p>\n<p><span style=\"color: #000000;\">Por ello, manifest\u00f3, el Parlamento est\u00e1 emitiendo \u00abde costado\u00bb este tipo de normas que distorsionan la unidad de la propuesta que se viene manejando para salir de la crisis, que no solo se trata de un problema de salud, sino tambi\u00e9n econ\u00f3mico.<\/span><\/p>\n<p><span style=\"color: #000000;\">Asimismo agreg\u00f3 que entidades p\u00fablicas como el Banco Central de Reserva y la Superintendencia de Banca y Seguros y el Ministerio de Econom\u00eda observaron esta iniciativa, al igual que entidades del sistema financiero que tambi\u00e9n expresaron su voz de alerta.<\/span><\/p>\n<p><span style=\"color: #000000;\">\u00abPorque aqu\u00ed hay un equilibrio, por un lado son los pr\u00e9stamos y por otro los ahorristas, y estos \u00faltimos dan sustento a los pr\u00e9stamos. Si no hay pago de los pr\u00e9stamos habr\u00e1 impacto y lo m\u00e1s peligroso, que algunos analistas dicen, son las llamadas corridas y m\u00e1s a\u00fan en la coyuntura en que nos hallamos en el pa\u00eds\u00bb, a\u00f1adi\u00f3.<\/span><\/p>\n<p><span style=\"color: #000000;\">En otro momento refiri\u00f3 que en el presupuesto para el 2021, que por mandato constitucional tienen hasta el 30 de agosto para elevarlo ante el Congreso y que lo apruebe, la prioridad la tendr\u00e1 el sector Salud, seguido de Econom\u00eda, Agricultura y Vivienda.<\/span><\/p>\n","protected":false},"excerpt":{"rendered":"<p>El presidente del Consejo de Ministros, Vicente Zeballos, expres\u00f3 su preocupaci\u00f3n por la aprobaci\u00f3n de proyectos de ley en el Congreso. Lima, 09 Julio 2020, (ANDINA).- El presidente del Consejo de Ministros, Vicente Zeballos, expres\u00f3 su preocupaci\u00f3n por la aprobaci\u00f3n de proyectos de ley en el Congreso, sin seguir el procedimiento de deliberaci\u00f3n y debate [&hellip;]<\/p>\n","protected":false},"author":1,"featured_media":76505,"comment_status":"open","ping_status":"open","sticky":false,"template":"","format":"standard","meta":{"rop_custom_images_group":[],"rop_custom_messages_group":[],"rop_publish_now":"initial","rop_publish_now_accounts":[],"rop_publish_now_history":[],"rop_publish_now_status":"pending","footnotes":""},"categories":[5],"tags":[189,2317,477],"class_list":["post-77079","post","type-post","status-publish","format-standard","has-post-thumbnail","hentry","category-actualidad-informativa","tag-pcm","tag-presidencia-del-consejo-de-ministros","tag-vicente-zeballos"],"_links":{"self":[{"href":"https:\/\/elinformanteperu.com\/index.php\/wp-json\/wp\/v2\/posts\/77079","targetHints":{"allow":["GET"]}}],"collection":[{"href":"https:\/\/elinformanteperu.com\/index.php\/wp-json\/wp\/v2\/posts"}],"about":[{"href":"https:\/\/elinformanteperu.com\/index.php\/wp-json\/wp\/v2\/types\/post"}],"author":[{"embeddable":true,"href":"https:\/\/elinformanteperu.com\/index.php\/wp-json\/wp\/v2\/users\/1"}],"replies":[{"embeddable":true,"href":"https:\/\/elinformanteperu.com\/index.php\/wp-json\/wp\/v2\/comments?post=77079"}],"version-history":[{"count":1,"href":"https:\/\/elinformanteperu.com\/index.php\/wp-json\/wp\/v2\/posts\/77079\/revisions"}],"predecessor-version":[{"id":77080,"href":"https:\/\/elinformanteperu.com\/index.php\/wp-json\/wp\/v2\/posts\/77079\/revisions\/77080"}],"wp:featuredmedia":[{"embeddable":true,"href":"https:\/\/elinformanteperu.com\/index.php\/wp-json\/wp\/v2\/media\/76505"}],"wp:attachment":[{"href":"https:\/\/elinformanteperu.com\/index.php\/wp-json\/wp\/v2\/media?parent=77079"}],"wp:term":[{"taxonomy":"category","embeddable":true,"href":"https:\/\/elinformanteperu.com\/index.php\/wp-json\/wp\/v2\/categories?post=77079"},{"taxonomy":"post_tag","embeddable":true,"href":"https:\/\/elinformanteperu.com\/index.php\/wp-json\/wp\/v2\/tags?post=77079"}],"curies":[{"name":"wp","href":"https:\/\/api.w.org\/{rel}","templated":true}]}}