{"id":76918,"date":"2020-07-08T20:13:33","date_gmt":"2020-07-09T01:13:33","guid":{"rendered":"http:\/\/elinformanteperu.com\/?p=76918"},"modified":"2020-07-08T20:13:33","modified_gmt":"2020-07-09T01:13:33","slug":"cusco-municipio-de-la-convencion-pide-autorizacion-para-reanudar-cuarentena","status":"publish","type":"post","link":"https:\/\/elinformanteperu.com\/index.php\/2020\/07\/08\/cusco-municipio-de-la-convencion-pide-autorizacion-para-reanudar-cuarentena\/","title":{"rendered":"Cusco: Municipio de la Convenci\u00f3n pide autorizaci\u00f3n para reanudar cuarentena"},"content":{"rendered":"<p><strong><span style=\"color: #000000;\">Ante incremento de casos positivos de coronavirus y fallecidos en dicha jurisdicci\u00f3n cusque\u00f1a<\/span><\/strong><\/p>\n<p><span style=\"color: #000000;\"><strong>Cusco, 08 Julio 2020, (ANDINA).-<\/strong> La Municipalidad Provincial de La Convenci\u00f3n, por medio del Oficio N\u00ba 0332-2020-A-MPLC, solicita autorizaci\u00f3n a la Presidencia del Consejo de Ministros (PCM) para establecer una cuarentena absoluta ante el incremento de casos de coronavirus (covid-19) en esta jurisdicci\u00f3n de la regi\u00f3n Cusco.<\/span><\/p>\n<p><span style=\"color: #000000;\">El pedido, que es respaldado por autoridades del Hospital de Quillabamba, Red de Salud La Convenci\u00f3n y Subprefectura, argumenta que catorce distritos registran m\u00e1s de 650 casos positivos y una decena de fallecidos a causa del covid-19. La ciudad de Quillabamba est\u00e1 en fase 3 de la pandemia. <\/span><\/p>\n<p><span style=\"color: #000000;\">El alcalde Hern\u00e1n De La Torre Due\u00f1as comunica al Jefe del Gabinete Ministerial, Vicente Zeballos, que \u201cse hace de urgente necesidad implementar una cuarentena absoluta o r\u00edgida focalizada en La Convenci\u00f3n, teniendo como sugerencias las fechas del 17 de julio al 23 de julio o del 27 de julio al 1 de agosto del 2020\u201d, cita el documento.<\/span><\/p>\n<p><span style=\"color: #000000;\">El oficio tambi\u00e9n fue dirigido al gobernador regional de Cusco, Jean Paul Benavente Garc\u00eda, solicitando gestionar ante las autoridades nacionales competentes la implementaci\u00f3n de dicha medida.<\/span><\/p>\n<p><span style=\"color: #000000;\">El burgomaestre La Torre, en reuni\u00f3n conjunta de autoridades y dirigentes realizada el pasado 28 de mayo, plante\u00f3 la necesidad de una cuarentena seca ante los primeros 50 casos positivos de covid-19 en la provincia; sin embargo, no se lleg\u00f3 a ning\u00fan acuerdo.<\/span><\/p>\n<p><span style=\"color: #000000;\">Finalmente, el alcalde manifiesta que el incremento de casos positivos de coronavirus en la provincia depender\u00e1 de la atenci\u00f3n que se brinde al documento remitido; no obstante, invoca a la conciencia individual de cada ciudadano, seguir manteniendo el distanciamiento social, uso de mascarilla, desinfecci\u00f3n de manos y evitar la aglomeraci\u00f3n de personas.<\/span><\/p>\n","protected":false},"excerpt":{"rendered":"<p>Ante incremento de casos positivos de coronavirus y fallecidos en dicha jurisdicci\u00f3n cusque\u00f1a Cusco, 08 Julio 2020, (ANDINA).- La Municipalidad Provincial de La Convenci\u00f3n, por medio del Oficio N\u00ba 0332-2020-A-MPLC, solicita autorizaci\u00f3n a la Presidencia del Consejo de Ministros (PCM) para establecer una cuarentena absoluta ante el incremento de casos de coronavirus (covid-19) en esta [&hellip;]<\/p>\n","protected":false},"author":1,"featured_media":76919,"comment_status":"open","ping_status":"open","sticky":false,"template":"","format":"standard","meta":{"rop_custom_images_group":[],"rop_custom_messages_group":[],"rop_publish_now":"initial","rop_publish_now_accounts":[],"rop_publish_now_history":[],"rop_publish_now_status":"pending","footnotes":""},"categories":[10],"tags":[1226,1113],"class_list":["post-76918","post","type-post","status-publish","format-standard","has-post-thumbnail","hentry","category-actualidad-municipal","tag-cusco","tag-la-convencion"],"_links":{"self":[{"href":"https:\/\/elinformanteperu.com\/index.php\/wp-json\/wp\/v2\/posts\/76918","targetHints":{"allow":["GET"]}}],"collection":[{"href":"https:\/\/elinformanteperu.com\/index.php\/wp-json\/wp\/v2\/posts"}],"about":[{"href":"https:\/\/elinformanteperu.com\/index.php\/wp-json\/wp\/v2\/types\/post"}],"author":[{"embeddable":true,"href":"https:\/\/elinformanteperu.com\/index.php\/wp-json\/wp\/v2\/users\/1"}],"replies":[{"embeddable":true,"href":"https:\/\/elinformanteperu.com\/index.php\/wp-json\/wp\/v2\/comments?post=76918"}],"version-history":[{"count":1,"href":"https:\/\/elinformanteperu.com\/index.php\/wp-json\/wp\/v2\/posts\/76918\/revisions"}],"predecessor-version":[{"id":76920,"href":"https:\/\/elinformanteperu.com\/index.php\/wp-json\/wp\/v2\/posts\/76918\/revisions\/76920"}],"wp:featuredmedia":[{"embeddable":true,"href":"https:\/\/elinformanteperu.com\/index.php\/wp-json\/wp\/v2\/media\/76919"}],"wp:attachment":[{"href":"https:\/\/elinformanteperu.com\/index.php\/wp-json\/wp\/v2\/media?parent=76918"}],"wp:term":[{"taxonomy":"category","embeddable":true,"href":"https:\/\/elinformanteperu.com\/index.php\/wp-json\/wp\/v2\/categories?post=76918"},{"taxonomy":"post_tag","embeddable":true,"href":"https:\/\/elinformanteperu.com\/index.php\/wp-json\/wp\/v2\/tags?post=76918"}],"curies":[{"name":"wp","href":"https:\/\/api.w.org\/{rel}","templated":true}]}}