{"id":76911,"date":"2020-07-08T20:08:07","date_gmt":"2020-07-09T01:08:07","guid":{"rendered":"http:\/\/elinformanteperu.com\/?p=76911"},"modified":"2020-07-08T20:08:07","modified_gmt":"2020-07-09T01:08:07","slug":"este-viernes-17-llega-la-segunda-temporada-del-thriller-politico-aqui-en-la-tierra-con-gael-garcia-bernal","status":"publish","type":"post","link":"https:\/\/elinformanteperu.com\/index.php\/2020\/07\/08\/este-viernes-17-llega-la-segunda-temporada-del-thriller-politico-aqui-en-la-tierra-con-gael-garcia-bernal\/","title":{"rendered":"Este viernes 17 llega la segunda temporada del thriller pol\u00edtico \u00abAqu\u00ed en la tierra\u00bb con Gael Garc\u00eda Bernal"},"content":{"rendered":"<p><strong><span style=\"color: #000000;\">La serie aborda las singularidades de la pol\u00edtica latinoamericana.<\/span><\/strong><\/p>\n<p><span style=\"color: #000000;\"><strong>Lima, 08 Julio 2020, (El Informante Per\u00fa).-<\/strong> Basado en una idea del ganador del Premio Golden Globe, Gael Garc\u00eda Bernal y Kyzza Terrazas, FOX Premium presenta la nueva entrega de \u201cAqu\u00ed en la Tierra\u201d, su serie original de ficci\u00f3n producida junto a \u201cLa Corriente del Golfo\u201d, que gira en torno a los cr\u00edmenes y secretos de una de las familias m\u00e1s influyentes de M\u00e9xico y explora la complejidad de las relaciones humanas a trav\u00e9s de personajes descarnados, repletos de contradicciones y ambici\u00f3n, quienes viven en un mundo del que nadie se atreve a hablar.<\/span><\/p>\n<p><img fetchpriority=\"high\" decoding=\"async\" class=\"aligncenter size-full wp-image-76913\" src=\"http:\/\/elinformanteperu.com\/wp-content\/uploads\/2020\/07\/aqui-en-la-tierra-7.jpg\" alt=\"\" width=\"907\" height=\"513\" srcset=\"https:\/\/elinformanteperu.com\/wp-content\/uploads\/2020\/07\/aqui-en-la-tierra-7.jpg 907w, https:\/\/elinformanteperu.com\/wp-content\/uploads\/2020\/07\/aqui-en-la-tierra-7-300x170.jpg 300w, https:\/\/elinformanteperu.com\/wp-content\/uploads\/2020\/07\/aqui-en-la-tierra-7-768x434.jpg 768w, https:\/\/elinformanteperu.com\/wp-content\/uploads\/2020\/07\/aqui-en-la-tierra-7-620x350.jpg 620w\" sizes=\"(max-width: 907px) 100vw, 907px\" \/><span style=\"color: #000000;\">La segunda temporada de \u201cAqu\u00ed en la Tierra\u201d, seguir\u00e1 develando la otra cara del entramado social y pol\u00edtico de M\u00e9xico y encontrar\u00e1 a Carlos Calles (Alfonso Dosal), asom\u00e1ndose a algunas certezas sobre la muerte de su padre Orlando, mientras es vigilado meticulosamente por Mario Rocha (Daniel Gim\u00e9nez Cacho), quien no permitir\u00e1 que sus secretos y verdades salgan a la luz y pongan en riesgo su nominaci\u00f3n como candidato presidencial. Por otro lado, Ad\u00e1n Cruz (Tenoch Huerta), continuar\u00e1 su ascenso pol\u00edtico a partir de su doble rol, como agente de Rocha y como l\u00edder de la causa de los pobladores, en el conflicto de San Marcos, todo mientras se enfrenta a un enemigo inesperado: traficantes de combustible que aparecen para desafiar el poder de las tierras del futuro aeropuerto. La nueva entrega tendr\u00e1 como escenarios distintas locaciones en la ciudad de M\u00e9xico y sus alrededores, y sumar\u00e1 la belleza de la Patagonia argentina como escenario.<\/span><\/p>\n<p><span style=\"color: #000000;\">Compuesta por ocho episodios de una hora, la segunda temporada comienza retrocediendo al pasado y revelando algunos misterios que rodean el personaje de P\u00eda Landa (Natasha Dupeyron), una joven con una historia oscura, v\u00edctima de despotismo y cuya vida se ha visto destrozada por hombres mayores, pero quien, a la vez, es fuerte y muy inteligente. Asimismo, el inicio de temporada se sumerge en la historia de El P\u00e1jaro (Garc\u00eda Bernal), un hombre enigm\u00e1tico que se mueve en las sombras de las altas esferas sociales y pol\u00edticas, y en c\u00f3mo Rocha, Landa y los Hurtado est\u00e1n involucrados en una oscura trama de intereses pol\u00edticos en las catacumbas del poder.<\/span><\/p>\n<p><img decoding=\"async\" class=\"aligncenter size-full wp-image-76914\" src=\"http:\/\/elinformanteperu.com\/wp-content\/uploads\/2020\/07\/aqui-en-la-tierra-8.jpg\" alt=\"\" width=\"769\" height=\"511\" srcset=\"https:\/\/elinformanteperu.com\/wp-content\/uploads\/2020\/07\/aqui-en-la-tierra-8.jpg 769w, https:\/\/elinformanteperu.com\/wp-content\/uploads\/2020\/07\/aqui-en-la-tierra-8-300x199.jpg 300w\" sizes=\"(max-width: 769px) 100vw, 769px\" \/><span style=\"color: #000000;\">\u201cAqu\u00ed en la Tierra\u201d relata la historia de dos j\u00f3venes provenientes de las ant\u00edpodas de la sociedad y cuyos caminos se cruzaron en la infancia. Uno de ellos, Carlos (Dosal), naci\u00f3 en el seno de una familia poderosa, rodeado de lujos y privilegios. <\/span><\/p>\n<p><span style=\"color: #000000;\">El otro, Ad\u00e1n (Huerta), es de origen humilde, hijo del jefe de la custodia de la familia de Carlos y ha crecido cerca de un gran poder pol\u00edtico y de una gran fortuna, pero siempre como testigo y nunca como part\u00edcipe. Sin embargo, ambos viven en un reino de excesos e impunidad que los sumergir\u00e1 en el lado m\u00e1s oscuro de las luchas por el poder.<\/span><\/p>\n<p><img decoding=\"async\" class=\"aligncenter size-full wp-image-76915\" src=\"http:\/\/elinformanteperu.com\/wp-content\/uploads\/2020\/07\/aqui-en-la-tierra-9.jpg\" alt=\"\" width=\"765\" height=\"508\" srcset=\"https:\/\/elinformanteperu.com\/wp-content\/uploads\/2020\/07\/aqui-en-la-tierra-9.jpg 765w, https:\/\/elinformanteperu.com\/wp-content\/uploads\/2020\/07\/aqui-en-la-tierra-9-300x199.jpg 300w\" sizes=\"(max-width: 765px) 100vw, 765px\" \/><span style=\"color: #000000;\">El elenco de \u201cAqu\u00ed en la Tierra\u201d se completa con la mexicana Yoshira Esc\u00e1rrega, la colombiana Paulina D\u00e1vila y la espa\u00f1ola Ariadna Gil. Se suman a esta nueva temporada, la mexicana Adriana Barraza y el mexicano Kristyan Ferrer.<\/span><\/p>\n<p><span style=\"color: #000000;\">\u201cAqu\u00ed en la Tierra\u201d cuenta con la direcci\u00f3n de los mexicanos Gabriel Ripstein, Gim\u00e9nez Cacho y Mariana Chenillo. \u201cAqu\u00ed en la Tierra\u201d es una producci\u00f3n original de FOX Premium junto a \u201cLa Corriente del Golfo\u201d, casa productora de Gael Garc\u00eda Bernal y Diego Luna.<\/span><\/p>\n<p><img loading=\"lazy\" decoding=\"async\" class=\"aligncenter size-full wp-image-76916\" src=\"http:\/\/elinformanteperu.com\/wp-content\/uploads\/2020\/07\/aqui-en-la-tierra-10.jpg\" alt=\"\" width=\"907\" height=\"511\" srcset=\"https:\/\/elinformanteperu.com\/wp-content\/uploads\/2020\/07\/aqui-en-la-tierra-10.jpg 907w, https:\/\/elinformanteperu.com\/wp-content\/uploads\/2020\/07\/aqui-en-la-tierra-10-300x169.jpg 300w, https:\/\/elinformanteperu.com\/wp-content\/uploads\/2020\/07\/aqui-en-la-tierra-10-768x433.jpg 768w, https:\/\/elinformanteperu.com\/wp-content\/uploads\/2020\/07\/aqui-en-la-tierra-10-620x350.jpg 620w\" sizes=\"(max-width: 907px) 100vw, 907px\" \/><\/p>\n<p><iframe title=\"AQU\u00cd EN LA TIERRA Temporada 2: Contado por sus protagonistas...qu\u00e9 nos trae esta nueva temporada?\" width=\"615\" height=\"346\" src=\"https:\/\/www.youtube.com\/embed\/dvJ-7C8tDwE?feature=oembed\" frameborder=\"0\" allow=\"accelerometer; autoplay; clipboard-write; encrypted-media; gyroscope; picture-in-picture; web-share\" referrerpolicy=\"strict-origin-when-cross-origin\" allowfullscreen><\/iframe><\/p>\n","protected":false},"excerpt":{"rendered":"<p>La serie aborda las singularidades de la pol\u00edtica latinoamericana. Lima, 08 Julio 2020, (El Informante Per\u00fa).- Basado en una idea del ganador del Premio Golden Globe, Gael Garc\u00eda Bernal y Kyzza Terrazas, FOX Premium presenta la nueva entrega de \u201cAqu\u00ed en la Tierra\u201d, su serie original de ficci\u00f3n producida junto a \u201cLa Corriente del Golfo\u201d, [&hellip;]<\/p>\n","protected":false},"author":1,"featured_media":76912,"comment_status":"open","ping_status":"open","sticky":false,"template":"","format":"standard","meta":{"rop_custom_images_group":[],"rop_custom_messages_group":[],"rop_publish_now":"initial","rop_publish_now_accounts":[],"rop_publish_now_history":[],"rop_publish_now_status":"pending","footnotes":""},"categories":[70,5745],"tags":[5705,5704,5367,861],"class_list":["post-76911","post","type-post","status-publish","format-standard","has-post-thumbnail","hentry","category-farandula","category-lo-ultimo","tag-aqui-en-la-tierra","tag-fox-premium","tag-fox-premium-series","tag-gael-garcia-bernal"],"_links":{"self":[{"href":"https:\/\/elinformanteperu.com\/index.php\/wp-json\/wp\/v2\/posts\/76911","targetHints":{"allow":["GET"]}}],"collection":[{"href":"https:\/\/elinformanteperu.com\/index.php\/wp-json\/wp\/v2\/posts"}],"about":[{"href":"https:\/\/elinformanteperu.com\/index.php\/wp-json\/wp\/v2\/types\/post"}],"author":[{"embeddable":true,"href":"https:\/\/elinformanteperu.com\/index.php\/wp-json\/wp\/v2\/users\/1"}],"replies":[{"embeddable":true,"href":"https:\/\/elinformanteperu.com\/index.php\/wp-json\/wp\/v2\/comments?post=76911"}],"version-history":[{"count":1,"href":"https:\/\/elinformanteperu.com\/index.php\/wp-json\/wp\/v2\/posts\/76911\/revisions"}],"predecessor-version":[{"id":76917,"href":"https:\/\/elinformanteperu.com\/index.php\/wp-json\/wp\/v2\/posts\/76911\/revisions\/76917"}],"wp:featuredmedia":[{"embeddable":true,"href":"https:\/\/elinformanteperu.com\/index.php\/wp-json\/wp\/v2\/media\/76912"}],"wp:attachment":[{"href":"https:\/\/elinformanteperu.com\/index.php\/wp-json\/wp\/v2\/media?parent=76911"}],"wp:term":[{"taxonomy":"category","embeddable":true,"href":"https:\/\/elinformanteperu.com\/index.php\/wp-json\/wp\/v2\/categories?post=76911"},{"taxonomy":"post_tag","embeddable":true,"href":"https:\/\/elinformanteperu.com\/index.php\/wp-json\/wp\/v2\/tags?post=76911"}],"curies":[{"name":"wp","href":"https:\/\/api.w.org\/{rel}","templated":true}]}}