{"id":76746,"date":"2020-07-06T18:39:43","date_gmt":"2020-07-06T23:39:43","guid":{"rendered":"http:\/\/elinformanteperu.com\/?p=76746"},"modified":"2020-07-06T18:39:43","modified_gmt":"2020-07-06T23:39:43","slug":"presidente-saluda-a-los-maestros-en-su-dia-y-les-agradece-esfuerzos-frente-a-la-pandemia","status":"publish","type":"post","link":"https:\/\/elinformanteperu.com\/index.php\/2020\/07\/06\/presidente-saluda-a-los-maestros-en-su-dia-y-les-agradece-esfuerzos-frente-a-la-pandemia\/","title":{"rendered":"Presidente saluda a los maestros en su d\u00eda y les agradece esfuerzos frente a la pandemia"},"content":{"rendered":"<p><strong><span style=\"color: #000000;\">Mandatario salud\u00f3 a los maestros en su d\u00eda.<\/span><\/strong><\/p>\n<p><span style=\"color: #000000;\"><strong>Lambayeque, 06 Julio 2020, (ANDINA).-<\/strong> El presidente Mart\u00edn Vizcarra salud\u00f3 a los maestros en su d\u00eda y les agradeci\u00f3 por los esfuerzos desplegados para continuar con el dictado clases a los alumnos del pa\u00eds, mediante clases virtuales, en circunstancias tan complejas como la pandemia.<\/span><\/p>\n<p><span style=\"color: #000000;\">Durante su visita a la ciudad de Chiclayo, el jefe del Estado reconoci\u00f3 la abnegada labor del maestro, que ha tenido que cambiar su sistema de ense\u00f1anza, a pesar de las condiciones impuestas por el estado de emergencia nacional frente al coronavirus.<\/span><\/p>\n<p><span style=\"color: #000000;\">\u201cHay docentes, con 25 a\u00f1os de servicios, que han dictado clases mediante una modalidad presencial y por efectos de la pandemia tienen que dictar clases a distancia, pero c\u00f3mo es la vocaci\u00f3n de servicio del maestro que se ha adecuado a estas condiciones y no ha abandonado a sus alumnos\u201d, expres\u00f3.<\/span><\/p>\n<p><span style=\"color: #000000;\">\u201cA ese maestro con vocaci\u00f3n, le decimos gracias, porque a pesar del grave situaci\u00f3n en la salud, no est\u00e1n abandonando la Educaci\u00f3n que es la base cimiento del desarrollo. Lo digo con mucho cari\u00f1o porque mi madre fue maestra de una instituci\u00f3n p\u00fablica y mi esposa tambi\u00e9n\u201d, agreg\u00f3.<\/span><\/p>\n<p><span style=\"color: #000000;\">El presidente Vizcarra estuvo en la regi\u00f3n Lambayeque donde tambi\u00e9n realiz\u00f3 la entrega de ventiladores mec\u00e1nicos. Alli, sostuvo una reuni\u00f3n con las autoridades locales e inspeccion\u00f3 el Hospital Temporal IE Salaverry para atenci\u00f3n de pacientes covid-19.<\/span><\/p>\n","protected":false},"excerpt":{"rendered":"<p>Mandatario salud\u00f3 a los maestros en su d\u00eda. Lambayeque, 06 Julio 2020, (ANDINA).- El presidente Mart\u00edn Vizcarra salud\u00f3 a los maestros en su d\u00eda y les agradeci\u00f3 por los esfuerzos desplegados para continuar con el dictado clases a los alumnos del pa\u00eds, mediante clases virtuales, en circunstancias tan complejas como la pandemia. Durante su visita [&hellip;]<\/p>\n","protected":false},"author":1,"featured_media":76747,"comment_status":"open","ping_status":"open","sticky":false,"template":"","format":"standard","meta":{"rop_custom_images_group":[],"rop_custom_messages_group":[],"rop_publish_now":"initial","rop_publish_now_accounts":[],"rop_publish_now_history":[],"rop_publish_now_status":"pending","footnotes":""},"categories":[10],"tags":[3729,5919,3861,289],"class_list":["post-76746","post","type-post","status-publish","format-standard","has-post-thumbnail","hentry","category-actualidad-municipal","tag-chiclayo","tag-dia-del-maestro","tag-lambayeque","tag-martin-vizcarra"],"_links":{"self":[{"href":"https:\/\/elinformanteperu.com\/index.php\/wp-json\/wp\/v2\/posts\/76746","targetHints":{"allow":["GET"]}}],"collection":[{"href":"https:\/\/elinformanteperu.com\/index.php\/wp-json\/wp\/v2\/posts"}],"about":[{"href":"https:\/\/elinformanteperu.com\/index.php\/wp-json\/wp\/v2\/types\/post"}],"author":[{"embeddable":true,"href":"https:\/\/elinformanteperu.com\/index.php\/wp-json\/wp\/v2\/users\/1"}],"replies":[{"embeddable":true,"href":"https:\/\/elinformanteperu.com\/index.php\/wp-json\/wp\/v2\/comments?post=76746"}],"version-history":[{"count":1,"href":"https:\/\/elinformanteperu.com\/index.php\/wp-json\/wp\/v2\/posts\/76746\/revisions"}],"predecessor-version":[{"id":76748,"href":"https:\/\/elinformanteperu.com\/index.php\/wp-json\/wp\/v2\/posts\/76746\/revisions\/76748"}],"wp:featuredmedia":[{"embeddable":true,"href":"https:\/\/elinformanteperu.com\/index.php\/wp-json\/wp\/v2\/media\/76747"}],"wp:attachment":[{"href":"https:\/\/elinformanteperu.com\/index.php\/wp-json\/wp\/v2\/media?parent=76746"}],"wp:term":[{"taxonomy":"category","embeddable":true,"href":"https:\/\/elinformanteperu.com\/index.php\/wp-json\/wp\/v2\/categories?post=76746"},{"taxonomy":"post_tag","embeddable":true,"href":"https:\/\/elinformanteperu.com\/index.php\/wp-json\/wp\/v2\/tags?post=76746"}],"curies":[{"name":"wp","href":"https:\/\/api.w.org\/{rel}","templated":true}]}}