{"id":76688,"date":"2020-07-06T16:36:21","date_gmt":"2020-07-06T21:36:21","guid":{"rendered":"http:\/\/elinformanteperu.com\/?p=76688"},"modified":"2020-07-06T16:36:21","modified_gmt":"2020-07-06T21:36:21","slug":"murio-el-celebre-compositor-italiano-ennio-morricone","status":"publish","type":"post","link":"https:\/\/elinformanteperu.com\/index.php\/2020\/07\/06\/murio-el-celebre-compositor-italiano-ennio-morricone\/","title":{"rendered":"Muri\u00f3 el c\u00e9lebre compositor italiano Ennio Morricone"},"content":{"rendered":"<p><strong><span style=\"color: #000000;\">Compuso la banda sonora de grandes pel\u00edculas<\/span><\/strong><\/p>\n<p><span style=\"color: #000000;\"><strong>Lima, 06 Julio 2020, (ANDINA).-<\/strong> El c\u00e9lebre compositor italiano, Ennio Morricone, uno de los m\u00fasicos m\u00e1s admirados y premiados del mundo del cine, falleci\u00f3 en Roma a los 91 a\u00f1os, inform\u00f3 la prensa italiana este lunes, citando a allegados de la familia.<\/span><\/p>\n<p><span style=\"color: #000000;\">Morricone estaba hospitalizado en una cl\u00ednica de la capital italiana tras haber sufrido una ca\u00edda en la que se fractur\u00f3 el f\u00e9mur, seg\u00fan las mismas fuentes.<\/span><\/p>\n<p><span style=\"color: #000000;\">Ennio Morricone falleci\u00f3 \u00abel 6 de julio reconfortado por la fe\u00bb, dijo en un comunicado, el abogado y amigo de la familia Giorgio Assuma, citado por la prensa.<\/span><\/p>\n<p><span style=\"color: #000000;\">Se mantuvo \u00abtotalmente l\u00facido y con una gran dignidad hasta el \u00faltimo momento\u00bb, agreg\u00f3 el comunicado.<\/span><\/p>\n<p><span style=\"color: #000000;\">El venerado m\u00fasico compuso la banda sonora de decenas de pel\u00edculas, entre ellas \u00abEl bueno, el feo y el malo\u00bb, \u00abCinema Paradiso\u00bb y \u00abLa misi\u00f3n\u00bb.<\/span><\/p>\n<p><span style=\"color: #000000;\">En 2016 recibi\u00f3 su primer \u00d3scar, por la pel\u00edcula \u00abThe Hateful Eight\u00bb (\u00abLos odiosos ocho\u00bb o \u00abLos ocho m\u00e1s odiados\u00bb), de Quentin Tarantino. En 2007 ya hab\u00eda recibido un \u00d3scar honor\u00edfico por su abundante y elogiada carrera musical.<\/span><\/p>\n<p><span style=\"color: #000000;\">Hace tan solo unos d\u00edas Morricone fue galardonado, junto al tambi\u00e9n compositor John Williams, con el premio Princesa de Asturias de las Artes en Espa\u00f1a.<\/span><\/p>\n<p><span style=\"color: #000000;\">\u00abAdi\u00f3s, maestro, y gracias por las emociones que nos has regalado\u00bb, reaccion\u00f3 en la red social Twitter, Roberto Speranza, ministro italiano de Salud.<\/span><\/p>\n<p><iframe title=\"De Pel\u00edcula con Ennio Morricone\" width=\"615\" height=\"346\" src=\"https:\/\/www.youtube.com\/embed\/dyg1mQ87ILg?feature=oembed\" frameborder=\"0\" allow=\"accelerometer; autoplay; clipboard-write; encrypted-media; gyroscope; picture-in-picture; web-share\" referrerpolicy=\"strict-origin-when-cross-origin\" allowfullscreen><\/iframe><\/p>\n","protected":false},"excerpt":{"rendered":"<p>Compuso la banda sonora de grandes pel\u00edculas Lima, 06 Julio 2020, (ANDINA).- El c\u00e9lebre compositor italiano, Ennio Morricone, uno de los m\u00fasicos m\u00e1s admirados y premiados del mundo del cine, falleci\u00f3 en Roma a los 91 a\u00f1os, inform\u00f3 la prensa italiana este lunes, citando a allegados de la familia. Morricone estaba hospitalizado en una cl\u00ednica [&hellip;]<\/p>\n","protected":false},"author":1,"featured_media":76689,"comment_status":"open","ping_status":"open","sticky":false,"template":"","format":"standard","meta":{"rop_custom_images_group":[],"rop_custom_messages_group":[],"rop_publish_now":"initial","rop_publish_now_accounts":[],"rop_publish_now_history":[],"rop_publish_now_status":"pending","footnotes":""},"categories":[69],"tags":[94],"class_list":["post-76688","post","type-post","status-publish","format-standard","has-post-thumbnail","hentry","category-musica","tag-ennio-morricone"],"_links":{"self":[{"href":"https:\/\/elinformanteperu.com\/index.php\/wp-json\/wp\/v2\/posts\/76688","targetHints":{"allow":["GET"]}}],"collection":[{"href":"https:\/\/elinformanteperu.com\/index.php\/wp-json\/wp\/v2\/posts"}],"about":[{"href":"https:\/\/elinformanteperu.com\/index.php\/wp-json\/wp\/v2\/types\/post"}],"author":[{"embeddable":true,"href":"https:\/\/elinformanteperu.com\/index.php\/wp-json\/wp\/v2\/users\/1"}],"replies":[{"embeddable":true,"href":"https:\/\/elinformanteperu.com\/index.php\/wp-json\/wp\/v2\/comments?post=76688"}],"version-history":[{"count":1,"href":"https:\/\/elinformanteperu.com\/index.php\/wp-json\/wp\/v2\/posts\/76688\/revisions"}],"predecessor-version":[{"id":76690,"href":"https:\/\/elinformanteperu.com\/index.php\/wp-json\/wp\/v2\/posts\/76688\/revisions\/76690"}],"wp:featuredmedia":[{"embeddable":true,"href":"https:\/\/elinformanteperu.com\/index.php\/wp-json\/wp\/v2\/media\/76689"}],"wp:attachment":[{"href":"https:\/\/elinformanteperu.com\/index.php\/wp-json\/wp\/v2\/media?parent=76688"}],"wp:term":[{"taxonomy":"category","embeddable":true,"href":"https:\/\/elinformanteperu.com\/index.php\/wp-json\/wp\/v2\/categories?post=76688"},{"taxonomy":"post_tag","embeddable":true,"href":"https:\/\/elinformanteperu.com\/index.php\/wp-json\/wp\/v2\/tags?post=76688"}],"curies":[{"name":"wp","href":"https:\/\/api.w.org\/{rel}","templated":true}]}}