{"id":76684,"date":"2020-07-06T00:59:39","date_gmt":"2020-07-06T05:59:39","guid":{"rendered":"http:\/\/elinformanteperu.com\/?p=76684"},"modified":"2020-07-06T00:59:39","modified_gmt":"2020-07-06T05:59:39","slug":"conoce-las-modificaciones-a-la-inmunidad-parlamentaria-y-del-presidente-de-la-republica","status":"publish","type":"post","link":"https:\/\/elinformanteperu.com\/index.php\/2020\/07\/06\/conoce-las-modificaciones-a-la-inmunidad-parlamentaria-y-del-presidente-de-la-republica\/","title":{"rendered":"Conoce las modificaciones a la inmunidad parlamentaria y del Presidente de la Rep\u00fablica"},"content":{"rendered":"<p><strong><span style=\"color: #000000;\">El pleno del Congreso aprob\u00f3 la eliminaci\u00f3n de la inmunidad parlamentaria. Conoce aqu\u00ed lo que dice la aut\u00f3grafa.<\/span><\/strong><\/p>\n<p><span style=\"color: #000000;\"><strong>Lima, 06 Julio 2020, (ANDINA).-<\/strong> El pleno del Congreso aprob\u00f3 la eliminaci\u00f3n de la inmunidad parlamentaria e introdujo cambios en el tratamiento a altos funcionarios del Estado, que alcanza, adem\u00e1s, a la figura del Presidente de la Rep\u00fablica. Conoce aqu\u00ed lo que dice la aut\u00f3grafa.<\/span><\/p>\n<p><span style=\"color: #000000;\">El texto sustitutorio respaldado por 110 congresistas modifica los art\u00edculos 93, 99, 117, 161 y 201 de la Constituci\u00f3n Pol\u00edtica del Per\u00fa.<\/span><\/p>\n<p><span style=\"color: #000000;\">De acuerdo a la aut\u00f3grafa aprobada, el art\u00edculo 117 se\u00f1ala que el presidente de la Rep\u00fablica puede ser acusado durante su periodo por traici\u00f3n a la patria, por impedir elecciones parlamentarias, regionales o municipales, por disolver el Congreso, salvo casos previstos en el art\u00edculo 134 de la Constituci\u00f3n, y por impedir reuni\u00f3n o funcionamiento, o los del Jurado Nacional de Elecciones y otros organismos del sistema electoral.<\/span><\/p>\n<p><span style=\"color: #000000;\">Asimismo, el mismo art\u00edculo, agrega la siguiente modificaci\u00f3n: tambi\u00e9n podr\u00e1 ser acusado por delitos contra la administraci\u00f3n p\u00fablica cometidos durante su mandato o con anterioridad.<\/span><\/p>\n<p><span style=\"color: #000000;\">El nuevo texto del art\u00edculo 93 de la Carta Magna se\u00f1ala que los Congresistas no est\u00e1n sujetos a mandato imperativo ni a interpelaci\u00f3n.<\/span><\/p>\n<p><span style=\"color: #000000;\">Adem\u00e1s, no son responsables ante autoridad ni \u00f3rgano jurisdiccional alguno por las opiniones y votos que emiten ni por las acciones legislativas, de representaci\u00f3n, de fiscalizaci\u00f3n, de control pol\u00edtico u otras inherentes a la labor parlamentaria, que realicen en el ejercicio de sus funciones.<\/span><\/p>\n<p><span style=\"color: #000000;\">Tambi\u00e9n, indica que los procesos penales contra congresistas por delitos comunes cometidos durante su mandato parlamentario son de competencia exclusiva de la Corte Suprema de Justicia.<\/span><\/p>\n<p><span style=\"color: #000000;\">De igual forma, se modifica el art\u00edculo 99 se\u00f1alando que corresponde a la Comisi\u00f3n Permanente acusar ante el Congreso al presidente de la Rep\u00fablica, a los congresistas, miembros del Tribunal Constitucional, de la Junta Nacional de Justicia, vocales de la Corte Suprema, fiscales supremos, defensor del Pueblo y el contralor por infracci\u00f3n de la Constituci\u00f3n y por todo delito que cometan en el ejercicio de sus funciones y hasta cinco a\u00f1os despu\u00e9s de que hayan cesado en estas.<\/span><\/p>\n<p><span style=\"color: #000000;\">Y agrega el siguiente texto: los ministros de Estado no cuentan con antejuicio pol\u00edtico ni ning\u00fan tipo de inmunidad durante ejercicio del cargo.<\/span><\/p>\n<p><span style=\"color: #000000;\">Igualmente, el art\u00edculo 161, se\u00f1ala que el defensor del Pueblo es elegido y removido por el Congreso con el voto de los dos tercios de su n\u00famero legal.<\/span><\/p>\n<p><span style=\"color: #000000;\">En cuanto al art\u00edculo 201, subraya que para ser miembro del Tribunal Constitucional se exigen los mismos requisitos que para ser vocal de la Corte Suprema. \u00abA los miembros del Tribunal Constitucional les alcanzan las mismas incompatibilidades que los congresistas. No hay reelecci\u00f3n inmediata\u00bb.<\/span><\/p>\n","protected":false},"excerpt":{"rendered":"<p>El pleno del Congreso aprob\u00f3 la eliminaci\u00f3n de la inmunidad parlamentaria. Conoce aqu\u00ed lo que dice la aut\u00f3grafa. Lima, 06 Julio 2020, (ANDINA).- El pleno del Congreso aprob\u00f3 la eliminaci\u00f3n de la inmunidad parlamentaria e introdujo cambios en el tratamiento a altos funcionarios del Estado, que alcanza, adem\u00e1s, a la figura del Presidente de la [&hellip;]<\/p>\n","protected":false},"author":1,"featured_media":76685,"comment_status":"open","ping_status":"open","sticky":false,"template":"","format":"standard","meta":{"rop_custom_images_group":[],"rop_custom_messages_group":[],"rop_publish_now":"initial","rop_publish_now_accounts":[],"rop_publish_now_history":[],"rop_publish_now_status":"pending","footnotes":""},"categories":[5],"tags":[192,1421],"class_list":["post-76684","post","type-post","status-publish","format-standard","has-post-thumbnail","hentry","category-actualidad-informativa","tag-congreso","tag-poder-ejecutivo"],"_links":{"self":[{"href":"https:\/\/elinformanteperu.com\/index.php\/wp-json\/wp\/v2\/posts\/76684","targetHints":{"allow":["GET"]}}],"collection":[{"href":"https:\/\/elinformanteperu.com\/index.php\/wp-json\/wp\/v2\/posts"}],"about":[{"href":"https:\/\/elinformanteperu.com\/index.php\/wp-json\/wp\/v2\/types\/post"}],"author":[{"embeddable":true,"href":"https:\/\/elinformanteperu.com\/index.php\/wp-json\/wp\/v2\/users\/1"}],"replies":[{"embeddable":true,"href":"https:\/\/elinformanteperu.com\/index.php\/wp-json\/wp\/v2\/comments?post=76684"}],"version-history":[{"count":1,"href":"https:\/\/elinformanteperu.com\/index.php\/wp-json\/wp\/v2\/posts\/76684\/revisions"}],"predecessor-version":[{"id":76686,"href":"https:\/\/elinformanteperu.com\/index.php\/wp-json\/wp\/v2\/posts\/76684\/revisions\/76686"}],"wp:featuredmedia":[{"embeddable":true,"href":"https:\/\/elinformanteperu.com\/index.php\/wp-json\/wp\/v2\/media\/76685"}],"wp:attachment":[{"href":"https:\/\/elinformanteperu.com\/index.php\/wp-json\/wp\/v2\/media?parent=76684"}],"wp:term":[{"taxonomy":"category","embeddable":true,"href":"https:\/\/elinformanteperu.com\/index.php\/wp-json\/wp\/v2\/categories?post=76684"},{"taxonomy":"post_tag","embeddable":true,"href":"https:\/\/elinformanteperu.com\/index.php\/wp-json\/wp\/v2\/tags?post=76684"}],"curies":[{"name":"wp","href":"https:\/\/api.w.org\/{rel}","templated":true}]}}