{"id":76473,"date":"2020-07-03T21:34:41","date_gmt":"2020-07-04T02:34:41","guid":{"rendered":"http:\/\/elinformanteperu.com\/?p=76473"},"modified":"2020-07-03T21:34:41","modified_gmt":"2020-07-04T02:34:41","slug":"mvcs-decreto-supremo-actualiza-los-valores-maximos-de-vivienda-del-bono-familiar-habitacional","status":"publish","type":"post","link":"https:\/\/elinformanteperu.com\/index.php\/2020\/07\/03\/mvcs-decreto-supremo-actualiza-los-valores-maximos-de-vivienda-del-bono-familiar-habitacional\/","title":{"rendered":"MVCS: Decreto Supremo actualiza los valores m\u00e1ximos de vivienda del Bono Familiar Habitacional"},"content":{"rendered":"<p><strong><span style=\"color: #000000;\">Esta actualizaci\u00f3n corresponde a la modalidad de Adquisici\u00f3n de Vivienda Nueva.<\/span><\/strong><\/p>\n<p><span style=\"color: #000000;\"><strong>Lima, 03 Julio 2020, (El Informante Per\u00fa).-<\/strong> El Ministerio de Vivienda, Construcci\u00f3n y Saneamiento (MVCS) actualiz\u00f3 los valores m\u00e1ximos de la vivienda de inter\u00e9s social del Bono Familiar Habitacional del programa Techo Propio, en la modalidad de Adquisici\u00f3n de Vivienda Nueva &#8211; AVN.<\/span><\/p>\n<p><span style=\"color: #000000;\">Dicha actualizaci\u00f3n se hizo mediante el Decreto Supremo N\u00b0 009-2020-VIVIENDA, publicado hoy en el diario en el diario oficial El Peruano, el cual ha sido refrendado por el ministro del sector, Rodolfo Ya\u00f1ez, y por la ministra de Econom\u00eda y Finanzas, Mar\u00eda Antonieta Alva.<\/span><\/p>\n<p><span style=\"color: #000000;\">De esta manera, el valor de la vivienda de inter\u00e9s social unifamiliar ahora es de hasta S\/85 700. Mientras que el valor de la vivienda de inter\u00e9s social multifamiliar, conjunto residencial y quinta ahora es de hasta S\/ 107 000.<\/span><\/p>\n<p><span style=\"color: #000000;\">Cabe resaltar que la norma tambi\u00e9n hace una modificaci\u00f3n en lo que corresponde a descripci\u00f3n de la vivienda en esta modalidad. Antes solo contemplaba la unifamiliar y la multifamiliar. Pero ahora, adecu\u00e1ndolo a la norma t\u00e9cnica, se ha incluido al conjunto residencial y la quinta, debido a que tambi\u00e9n son edificaciones para fines de vivienda, seg\u00fan se precisa en el Reglamento Nacional de Edificaciones \u2013 RNE.<\/span><\/p>\n<p><span style=\"color: #000000;\">La actualizaci\u00f3n de los valores m\u00e1ximos de las viviendas en la modalidad de Adquisici\u00f3n de Vivienda Nueva se hizo por la variaci\u00f3n del \u00cdndice de Precios al Consumidor &#8211; IPC de Lima Metropolitana anual, la cual se realiza en el siguiente a\u00f1o fiscal.<\/span><\/p>\n<p><strong><span style=\"color: #000000;\">Bono Familiar Habitacional<\/span><\/strong><\/p>\n<p><span style=\"color: #000000;\">El Bono Familiar Habitacional &#8211; BFH es un subsidio directo no reembolsable que otorga el Estado, a trav\u00e9s del Fondo Mivivienda, entidad adscrita al MVCS, a las familias de escasos recursos econ\u00f3micos. En el caso de la modalidad de Adquisici\u00f3n de Vivienda Nueva del BFH los ingresos mensuales de la familia no deben exceder los S\/ 3715.<\/span><\/p>\n<p><span style=\"color: #000000;\">Es importante indicar, que en el marco de la reactivaci\u00f3n econ\u00f3mica del sector a causa de la pandemia, se exoner\u00f3 la acreditaci\u00f3n del ahorro a las familias que soliciten la asignaci\u00f3n del Bono Familiar Habitacional en el marco del Programa Techo Propio.<\/span><\/p>\n<p><span style=\"color: #000000;\">Asimismo, mediante Resoluci\u00f3n Ministerial N\u00b086-2020-VIVIENDA, se resolvi\u00f3 aumentar el monto del BFH a 8.75 UIT (S\/ 37 625) para la modalidad de aplicaci\u00f3n de Adquisici\u00f3n de Vivienda Nueva. Ambas medidas estar\u00e1n vigentes hasta el 31 de diciembre de este a\u00f1o.<\/span><\/p>\n","protected":false},"excerpt":{"rendered":"<p>Esta actualizaci\u00f3n corresponde a la modalidad de Adquisici\u00f3n de Vivienda Nueva. Lima, 03 Julio 2020, (El Informante Per\u00fa).- El Ministerio de Vivienda, Construcci\u00f3n y Saneamiento (MVCS) actualiz\u00f3 los valores m\u00e1ximos de la vivienda de inter\u00e9s social del Bono Familiar Habitacional del programa Techo Propio, en la modalidad de Adquisici\u00f3n de Vivienda Nueva &#8211; AVN. Dicha [&hellip;]<\/p>\n","protected":false},"author":1,"featured_media":76474,"comment_status":"open","ping_status":"open","sticky":false,"template":"","format":"standard","meta":{"rop_custom_images_group":[],"rop_custom_messages_group":[],"rop_publish_now":"initial","rop_publish_now_accounts":[],"rop_publish_now_history":[],"rop_publish_now_status":"pending","footnotes":""},"categories":[10],"tags":[1557],"class_list":["post-76473","post","type-post","status-publish","format-standard","has-post-thumbnail","hentry","category-actualidad-municipal","tag-ministerio-de-vivienda"],"_links":{"self":[{"href":"https:\/\/elinformanteperu.com\/index.php\/wp-json\/wp\/v2\/posts\/76473","targetHints":{"allow":["GET"]}}],"collection":[{"href":"https:\/\/elinformanteperu.com\/index.php\/wp-json\/wp\/v2\/posts"}],"about":[{"href":"https:\/\/elinformanteperu.com\/index.php\/wp-json\/wp\/v2\/types\/post"}],"author":[{"embeddable":true,"href":"https:\/\/elinformanteperu.com\/index.php\/wp-json\/wp\/v2\/users\/1"}],"replies":[{"embeddable":true,"href":"https:\/\/elinformanteperu.com\/index.php\/wp-json\/wp\/v2\/comments?post=76473"}],"version-history":[{"count":1,"href":"https:\/\/elinformanteperu.com\/index.php\/wp-json\/wp\/v2\/posts\/76473\/revisions"}],"predecessor-version":[{"id":76475,"href":"https:\/\/elinformanteperu.com\/index.php\/wp-json\/wp\/v2\/posts\/76473\/revisions\/76475"}],"wp:featuredmedia":[{"embeddable":true,"href":"https:\/\/elinformanteperu.com\/index.php\/wp-json\/wp\/v2\/media\/76474"}],"wp:attachment":[{"href":"https:\/\/elinformanteperu.com\/index.php\/wp-json\/wp\/v2\/media?parent=76473"}],"wp:term":[{"taxonomy":"category","embeddable":true,"href":"https:\/\/elinformanteperu.com\/index.php\/wp-json\/wp\/v2\/categories?post=76473"},{"taxonomy":"post_tag","embeddable":true,"href":"https:\/\/elinformanteperu.com\/index.php\/wp-json\/wp\/v2\/tags?post=76473"}],"curies":[{"name":"wp","href":"https:\/\/api.w.org\/{rel}","templated":true}]}}