{"id":76470,"date":"2020-07-03T21:29:52","date_gmt":"2020-07-04T02:29:52","guid":{"rendered":"http:\/\/elinformanteperu.com\/?p=76470"},"modified":"2020-07-04T00:55:45","modified_gmt":"2020-07-04T05:55:45","slug":"luchadora-luego-de-60-dias-en-uci-de-lambayeque-sexagenaria-derroto-al-covid-19","status":"publish","type":"post","link":"https:\/\/elinformanteperu.com\/index.php\/2020\/07\/03\/luchadora-luego-de-60-dias-en-uci-de-lambayeque-sexagenaria-derroto-al-covid-19\/","title":{"rendered":"\u00a1Luchadora! Luego de 60 d\u00edas en UCI de Lambayeque, sexagenaria derrot\u00f3 al covid-19"},"content":{"rendered":"<p><strong><span style=\"color: #000000;\">Otro paciente con obesidad m\u00f3rbida tambi\u00e9n venci\u00f3 al coronavirus<\/span><\/strong><\/p>\n<p><span style=\"color: #000000;\"><strong>Chiclayo, 03 Julio 2020, (ANDINA).-<\/strong> En las \u00faltimas 24 horas, dos pacientes fueron dados de alta del Hospital Luis Heysen Inch\u00e1ustegui de Chiclayo, regi\u00f3n Lambayeque. La primera de ellas permaneci\u00f3 60 d\u00edas en la unidad de cuidados intensivos (UCI) por una neumon\u00eda e insuficiencia respiratoria por covid-19 y el segundo, con una enfermedad preexistente, tambi\u00e9n gan\u00f3 la batalla.<\/span><\/p>\n<p><span style=\"color: #000000;\">A su salida, ambos se reencontraron con sus familias, que los esperaban alegres por el regreso a su hogar. En medio de los aplausos del personal de EsSalud Lambayeque, Isabel (65) parti\u00f3 con sus cinco hijos tras permanecer internada desde el 28 de abril y ser sometida a una traqueotom\u00eda.<\/span><\/p>\n<p><span style=\"color: #000000;\">\u201cLa se\u00f1ora Isabel es una de las pacientes que mayor tiempo ha permanecido internada. Su recuperaci\u00f3n fue lenta, pero tras los esfuerzos necesarios y su lucha constante hoy puede ir a casa\u201d, se\u00f1al\u00f3 el jefe de la UCI covid del hospital Luis Heysen, Carlos Yafac Risco.<\/span><\/p>\n<p><span style=\"color: #000000;\">Con un cartel en el que se le\u00eda: \u201cGracias Red Asistencial Lambayeque\u201d sali\u00f3 Fidel (39), el segundo paciente en salir de alta. Desde su ingreso al nosocomio, hace un mes, su pron\u00f3stico fue reservado porque padece de obesidad m\u00f3rbida.<\/span><\/p>\n<p><span style=\"color: #000000;\">Los \u00faltimos meses han sido muy dif\u00edciles para su familia. Tras perder a su padre, tambi\u00e9n por el coronavirus, tuvieron que ver ingresar a uno de sus hermanos a la unidad de cuidados intermedios (Ucin) por un cuadro de neumon\u00eda at\u00edpica e insuficiencia respiratoria.<\/span><\/p>\n<p><span style=\"color: #000000;\">\u201cEl equipo multidisciplinario covid-19 de la Red Asistencial Lambayeque de EsSalud sigui\u00f3 estrictamente el tratamiento y protocolos de evaluaci\u00f3n, logrando la evoluci\u00f3n del paciente\u201d, detall\u00f3 el m\u00e9dico intensivista Carlos Yafac.<\/span><\/p>\n<p><strong><span style=\"color: #000000;\">Invocaci\u00f3n<\/span><\/strong><\/p>\n<p><span style=\"color: #000000;\">Al respecto, el gerente de la Red Asistencial Lambayeque de EsSalud, Gustavo Ganoza Tresierra, resalt\u00f3 el trabajo articulado que se realiza e invoc\u00f3 a la poblaci\u00f3n a no bajar la guardia ahora que se han reactivado las actividades comerciales.<\/span><\/p>\n<p><span style=\"color: #000000;\">Desde el inicio de la pandemia, en la Red Asistencial Lambayeque se ha dado de alta a 1,068 pacientes que vencieron al coronavirus y que fueron hospitalizados en seis establecimientos de salud.<\/span><\/p>\n<p><strong><span style=\"color: #000000;\">Un enemigo invisible y letal<\/span><\/strong><\/p>\n<p><span style=\"color: #000000;\">Los coronavirus son una gran familia de virus que causan enfermedades que van desde el resfriado com\u00fan hasta enfermedades m\u00e1s graves como el s\u00edndrome respiratorio de Oriente Medio (MERS) o el s\u00edndrome respiratorio agudo severo (SRAS). Pueden transmitirse entre animales y personas.<\/span><\/p>\n<p><span style=\"color: #000000;\">El nuevo coronavirus (covid-19) es una cepa no identificada previamente en humanos, que se propaga de persona a persona, mediante gotitas o part\u00edculas acuosas que se quedan en el ambiente al toser o estornudar. Tambi\u00e9n podr\u00edas contagiarte si mantienes contacto f\u00edsico con una persona infectada.<\/span><\/p>\n<p><span style=\"color: #000000;\">Seg\u00fan la Sala Situacional Covid-19 Per\u00fa, del Ministerio de Salud, hasta las 00:00 horas del 3 de julio, a escala nacional hab\u00eda 295,599 casos confirmados de coronavirus y 10,226 fallecidos; la tasa de letalidad es de 3.46 %.<\/span><\/p>\n","protected":false},"excerpt":{"rendered":"<p>Otro paciente con obesidad m\u00f3rbida tambi\u00e9n venci\u00f3 al coronavirus Chiclayo, 03 Julio 2020, (ANDINA).- En las \u00faltimas 24 horas, dos pacientes fueron dados de alta del Hospital Luis Heysen Inch\u00e1ustegui de Chiclayo, regi\u00f3n Lambayeque. La primera de ellas permaneci\u00f3 60 d\u00edas en la unidad de cuidados intensivos (UCI) por una neumon\u00eda e insuficiencia respiratoria por [&hellip;]<\/p>\n","protected":false},"author":1,"featured_media":76471,"comment_status":"open","ping_status":"open","sticky":false,"template":"","format":"standard","meta":{"rop_custom_images_group":[],"rop_custom_messages_group":[],"rop_publish_now":"initial","rop_publish_now_accounts":[],"rop_publish_now_history":[],"rop_publish_now_status":"pending","footnotes":""},"categories":[10],"tags":[3729,5236,5364],"class_list":["post-76470","post","type-post","status-publish","format-standard","has-post-thumbnail","hentry","category-actualidad-municipal","tag-chiclayo","tag-coronavirus","tag-covid-19"],"_links":{"self":[{"href":"https:\/\/elinformanteperu.com\/index.php\/wp-json\/wp\/v2\/posts\/76470","targetHints":{"allow":["GET"]}}],"collection":[{"href":"https:\/\/elinformanteperu.com\/index.php\/wp-json\/wp\/v2\/posts"}],"about":[{"href":"https:\/\/elinformanteperu.com\/index.php\/wp-json\/wp\/v2\/types\/post"}],"author":[{"embeddable":true,"href":"https:\/\/elinformanteperu.com\/index.php\/wp-json\/wp\/v2\/users\/1"}],"replies":[{"embeddable":true,"href":"https:\/\/elinformanteperu.com\/index.php\/wp-json\/wp\/v2\/comments?post=76470"}],"version-history":[{"count":1,"href":"https:\/\/elinformanteperu.com\/index.php\/wp-json\/wp\/v2\/posts\/76470\/revisions"}],"predecessor-version":[{"id":76472,"href":"https:\/\/elinformanteperu.com\/index.php\/wp-json\/wp\/v2\/posts\/76470\/revisions\/76472"}],"wp:featuredmedia":[{"embeddable":true,"href":"https:\/\/elinformanteperu.com\/index.php\/wp-json\/wp\/v2\/media\/76471"}],"wp:attachment":[{"href":"https:\/\/elinformanteperu.com\/index.php\/wp-json\/wp\/v2\/media?parent=76470"}],"wp:term":[{"taxonomy":"category","embeddable":true,"href":"https:\/\/elinformanteperu.com\/index.php\/wp-json\/wp\/v2\/categories?post=76470"},{"taxonomy":"post_tag","embeddable":true,"href":"https:\/\/elinformanteperu.com\/index.php\/wp-json\/wp\/v2\/tags?post=76470"}],"curies":[{"name":"wp","href":"https:\/\/api.w.org\/{rel}","templated":true}]}}