{"id":76458,"date":"2020-07-03T21:15:49","date_gmt":"2020-07-04T02:15:49","guid":{"rendered":"http:\/\/elinformanteperu.com\/?p=76458"},"modified":"2020-07-03T21:15:49","modified_gmt":"2020-07-04T02:15:49","slug":"estos-son-los-25-distritos-arequipenos-declarados-en-emergencia-por-bajas-temperaturas","status":"publish","type":"post","link":"https:\/\/elinformanteperu.com\/index.php\/2020\/07\/03\/estos-son-los-25-distritos-arequipenos-declarados-en-emergencia-por-bajas-temperaturas\/","title":{"rendered":"Estos son los 25 distritos arequipe\u00f1os declarados en emergencia por bajas temperaturas"},"content":{"rendered":"<p><strong><span style=\"color: #000000;\">Autoridades alistan otra lista de jurisdicciones afectadas<\/span><\/strong><\/p>\n<p><span style=\"color: #000000;\"><strong>Arequipa, 03 Julio 2020, (ANDINA).-<\/strong> Ante el inminente peligro a causa de las bajas temperaturas y heladas, 25 distritos de cinco provincias de la regi\u00f3n Arequipa fueron declarados en emergencia por 60 d\u00edas calendario, con el prop\u00f3sito de reforzar las acciones de prevenci\u00f3n y preparaci\u00f3n en beneficio de la poblaci\u00f3n.<\/span><\/p>\n<p><span style=\"color: #000000;\">El Decreto Supremo N\u00ba 120-2020-PCM, publicado en el diario El Peruano, precisa que los distritos declarados en emergencia son: San Juan de Tarucani y Yura (Arequipa); Andagua, Chachas, Choco y Orcopampa (Castilla); Huaynacotas y Puyca (La Uni\u00f3n).<\/span><\/p>\n<p><span style=\"color: #000000;\">Asimismo, Achoma, Callalli, Caylloma, Chivay, Coporaque, Huanca, Ichupampa, Lari, Lluta, San Antonio de Chuca, Sibayo, Tapay, Tisco, Tuti y Yanque (Caylloma); Cayarani y Salamanca (Condesuyos).<\/span><\/p>\n<p><span style=\"color: #000000;\">El jefe del Centro de Operaciones de Emergencia Regional (COER), Alfonso Mamani, indic\u00f3 que la norma permitir\u00e1 reforzar acciones inmediatas y necesarias que ya se adoptan desde el gobierno de Arequipa para prevenir graves consecuencias en la poblaci\u00f3n que vive a m\u00e1s de 3,500 metros sobre el nivel del mar, as\u00ed como la mortandad de cam\u00e9lidos sudamericanos.<\/span><\/p>\n<p><span style=\"color: #000000;\">Se\u00f1al\u00f3 que este es un primer grupo de distritos declarados en emergencia con base en datos, antecedentes y cifras de a\u00f1os anteriores; sin embargo, se prepara otra lista de jurisdicciones afectadas por las bajas temperaturas que ser\u00e1 remitida al Ejecutivo para su evaluaci\u00f3n.<\/span><\/p>\n<p><span style=\"color: #000000;\">\u201cEl COER est\u00e1 coordinando con los alcaldes distritales para que presenten sus fichas EDAN, a fin de incluirlos en la siguiente declaratoria de emergencia. Como gobierno regional estamos atendiendo a m\u00e1s de 48 distritos en base a nuestro Plan de Heladas y Bajas Temperaturas 2020\u201d, manifest\u00f3.<\/span><\/p>\n<p><span style=\"color: #000000;\">En los \u00faltimos d\u00edas sean registrados temperaturas de 19 y 20 grados bajo cero en zonas ubicadas a m\u00e1s de 4,200 metros sobre el nivel del mar, mientras que en la ciudad de Arequipa oscilan entre 4 y 5 grados.<\/span><\/p>\n","protected":false},"excerpt":{"rendered":"<p>Autoridades alistan otra lista de jurisdicciones afectadas Arequipa, 03 Julio 2020, (ANDINA).- Ante el inminente peligro a causa de las bajas temperaturas y heladas, 25 distritos de cinco provincias de la regi\u00f3n Arequipa fueron declarados en emergencia por 60 d\u00edas calendario, con el prop\u00f3sito de reforzar las acciones de prevenci\u00f3n y preparaci\u00f3n en beneficio de [&hellip;]<\/p>\n","protected":false},"author":1,"featured_media":76459,"comment_status":"open","ping_status":"open","sticky":false,"template":"","format":"standard","meta":{"rop_custom_images_group":[],"rop_custom_messages_group":[],"rop_publish_now":"initial","rop_publish_now_accounts":[],"rop_publish_now_history":[],"rop_publish_now_status":"pending","footnotes":""},"categories":[10],"tags":[769,1057],"class_list":["post-76458","post","type-post","status-publish","format-standard","has-post-thumbnail","hentry","category-actualidad-municipal","tag-arequipa","tag-coer"],"_links":{"self":[{"href":"https:\/\/elinformanteperu.com\/index.php\/wp-json\/wp\/v2\/posts\/76458","targetHints":{"allow":["GET"]}}],"collection":[{"href":"https:\/\/elinformanteperu.com\/index.php\/wp-json\/wp\/v2\/posts"}],"about":[{"href":"https:\/\/elinformanteperu.com\/index.php\/wp-json\/wp\/v2\/types\/post"}],"author":[{"embeddable":true,"href":"https:\/\/elinformanteperu.com\/index.php\/wp-json\/wp\/v2\/users\/1"}],"replies":[{"embeddable":true,"href":"https:\/\/elinformanteperu.com\/index.php\/wp-json\/wp\/v2\/comments?post=76458"}],"version-history":[{"count":1,"href":"https:\/\/elinformanteperu.com\/index.php\/wp-json\/wp\/v2\/posts\/76458\/revisions"}],"predecessor-version":[{"id":76460,"href":"https:\/\/elinformanteperu.com\/index.php\/wp-json\/wp\/v2\/posts\/76458\/revisions\/76460"}],"wp:featuredmedia":[{"embeddable":true,"href":"https:\/\/elinformanteperu.com\/index.php\/wp-json\/wp\/v2\/media\/76459"}],"wp:attachment":[{"href":"https:\/\/elinformanteperu.com\/index.php\/wp-json\/wp\/v2\/media?parent=76458"}],"wp:term":[{"taxonomy":"category","embeddable":true,"href":"https:\/\/elinformanteperu.com\/index.php\/wp-json\/wp\/v2\/categories?post=76458"},{"taxonomy":"post_tag","embeddable":true,"href":"https:\/\/elinformanteperu.com\/index.php\/wp-json\/wp\/v2\/tags?post=76458"}],"curies":[{"name":"wp","href":"https:\/\/api.w.org\/{rel}","templated":true}]}}