{"id":76076,"date":"2020-06-29T11:17:09","date_gmt":"2020-06-29T16:17:09","guid":{"rendered":"http:\/\/elinformanteperu.com\/?p=76076"},"modified":"2020-06-29T11:17:09","modified_gmt":"2020-06-29T16:17:09","slug":"comision-de-levantamiento-de-inmunidad-debe-analizar-propuestas-que-modifican-prerrogativa","status":"publish","type":"post","link":"https:\/\/elinformanteperu.com\/index.php\/2020\/06\/29\/comision-de-levantamiento-de-inmunidad-debe-analizar-propuestas-que-modifican-prerrogativa\/","title":{"rendered":"Comisi\u00f3n de Levantamiento de Inmunidad debe analizar propuestas que modifican prerrogativa"},"content":{"rendered":"<p><strong><span style=\"color: #000000;\">Plantear\u00e1n la conformaci\u00f3n de un subgrupo de trabajo para que se encargue de evaluar los proyectos de ley referidos al levantamiento del fuero congresal.<\/span><\/strong><\/p>\n<p><span style=\"color: #000000;\"><strong>Lima, 28 Junio 2020, (ANDINA).-<\/strong> El presidente de la Comisi\u00f3n de Levantamiento de Inmunidad Parlamentaria, Yv\u00e1n Quispe (Frente Amplio), plantear\u00e1 la conformaci\u00f3n de un subgrupo de trabajo al interior del equipo que lidera para que se encargue de evaluar los proyectos de ley referidos al levantamiento del fuero congresal.<\/span><\/p>\n<p><span style=\"color: #000000;\">\u201cEs una propuesta que la estoy trabajando y que finalmente se decidir\u00e1 entre los miembros de la comisi\u00f3n\u201d, declar\u00f3 Quispe a la Agencia Andina.<\/span><\/p>\n<p><span style=\"color: #000000;\">El congresista consider\u00f3 importante que su grupo de trabajo emita una opini\u00f3n t\u00e9cnica sobre esta prerrogativa constitucional porque es la encargada de tramitar y emitir opini\u00f3n sobre los pedidos de levantamiento de inmunidad parlamentaria de arresto o de proceso.<\/span><\/p>\n<p><span style=\"color: #000000;\">\u201cHay varios proyectos que se han presentado y que son evaluados en la Comisi\u00f3n de Constituci\u00f3n; pero la Comisi\u00f3n de Levantamiento de Inmunidad Parlamentaria, al ser la directamente involucrada; podr\u00eda dar alguna apreciaci\u00f3n sobre este tema\u201d, expres\u00f3.<\/span><\/p>\n<p><span style=\"color: #000000;\">El legislador record\u00f3 que la inmunidad parlamentaria fue un tema importante en la campa\u00f1a congresal y que algunos partidos se comprometieron a eliminarla y otros a modificarla, como en el caso del Frente Amplio.<\/span><\/p>\n<p><span style=\"color: #000000;\">Al respecto, sostuvo que su agrupaci\u00f3n es coherente con su propuesta de campa\u00f1a y apuesta por la modificaci\u00f3n. Sin embargo, dijo que algunas bancadas insistir\u00e1n en que plantee su eliminaci\u00f3n en el predictamen que se debate en la comisi\u00f3n de Constituci\u00f3n.<\/span><\/p>\n<p><span style=\"color: #000000;\">\u201cEn el Frente Amplio vamos por la modificaci\u00f3n porque la inmunidad permite realizar nuestra labor de fiscalizaci\u00f3n, pero eso no significa que siga siendo aprovechada como impunidad o sirva para blindar congresistas que definitivamente tienen que ser investigados o procesados\u201d, expres\u00f3.<\/span><\/p>\n<p><span style=\"color: #000000;\">Sobre los casos pendientes en la Comisi\u00f3n de Levantamiento de Inmunidad, Quispe indic\u00f3 que ha solicitado el acervo documentario, pero que todav\u00eda no le han hecho llegar la informaci\u00f3n.<\/span><\/p>\n<p><span style=\"color: #000000;\">La Comisi\u00f3n de Levantamiento de Inmunidad sesionar\u00e1 los lunes, pero su primera sesi\u00f3n de trabajo se posterg\u00f3 el 6 de julio por el feriado del 29 de junio.<\/span><\/p>\n","protected":false},"excerpt":{"rendered":"<p>Plantear\u00e1n la conformaci\u00f3n de un subgrupo de trabajo para que se encargue de evaluar los proyectos de ley referidos al levantamiento del fuero congresal. Lima, 28 Junio 2020, (ANDINA).- El presidente de la Comisi\u00f3n de Levantamiento de Inmunidad Parlamentaria, Yv\u00e1n Quispe (Frente Amplio), plantear\u00e1 la conformaci\u00f3n de un subgrupo de trabajo al interior del equipo [&hellip;]<\/p>\n","protected":false},"author":1,"featured_media":65718,"comment_status":"open","ping_status":"open","sticky":false,"template":"","format":"standard","meta":{"rop_custom_images_group":[],"rop_custom_messages_group":[],"rop_publish_now":"initial","rop_publish_now_accounts":[],"rop_publish_now_history":[],"rop_publish_now_status":"pending","footnotes":""},"categories":[5],"tags":[192],"class_list":["post-76076","post","type-post","status-publish","format-standard","has-post-thumbnail","hentry","category-actualidad-informativa","tag-congreso"],"_links":{"self":[{"href":"https:\/\/elinformanteperu.com\/index.php\/wp-json\/wp\/v2\/posts\/76076","targetHints":{"allow":["GET"]}}],"collection":[{"href":"https:\/\/elinformanteperu.com\/index.php\/wp-json\/wp\/v2\/posts"}],"about":[{"href":"https:\/\/elinformanteperu.com\/index.php\/wp-json\/wp\/v2\/types\/post"}],"author":[{"embeddable":true,"href":"https:\/\/elinformanteperu.com\/index.php\/wp-json\/wp\/v2\/users\/1"}],"replies":[{"embeddable":true,"href":"https:\/\/elinformanteperu.com\/index.php\/wp-json\/wp\/v2\/comments?post=76076"}],"version-history":[{"count":1,"href":"https:\/\/elinformanteperu.com\/index.php\/wp-json\/wp\/v2\/posts\/76076\/revisions"}],"predecessor-version":[{"id":76077,"href":"https:\/\/elinformanteperu.com\/index.php\/wp-json\/wp\/v2\/posts\/76076\/revisions\/76077"}],"wp:featuredmedia":[{"embeddable":true,"href":"https:\/\/elinformanteperu.com\/index.php\/wp-json\/wp\/v2\/media\/65718"}],"wp:attachment":[{"href":"https:\/\/elinformanteperu.com\/index.php\/wp-json\/wp\/v2\/media?parent=76076"}],"wp:term":[{"taxonomy":"category","embeddable":true,"href":"https:\/\/elinformanteperu.com\/index.php\/wp-json\/wp\/v2\/categories?post=76076"},{"taxonomy":"post_tag","embeddable":true,"href":"https:\/\/elinformanteperu.com\/index.php\/wp-json\/wp\/v2\/tags?post=76076"}],"curies":[{"name":"wp","href":"https:\/\/api.w.org\/{rel}","templated":true}]}}