{"id":75750,"date":"2020-06-25T19:26:33","date_gmt":"2020-06-26T00:26:33","guid":{"rendered":"http:\/\/elinformanteperu.com\/?p=75750"},"modified":"2020-06-25T19:26:33","modified_gmt":"2020-06-26T00:26:33","slug":"jefferson-farfan-tras-superar-el-covid-19-esta-motivado-por-entrenar","status":"publish","type":"post","link":"https:\/\/elinformanteperu.com\/index.php\/2020\/06\/25\/jefferson-farfan-tras-superar-el-covid-19-esta-motivado-por-entrenar\/","title":{"rendered":"Jefferson Farf\u00e1n: tras superar el covid-19 est\u00e1 motivado por entrenar"},"content":{"rendered":"<p><strong><span style=\"color: #000000;\">El delantero peruano Jefferson Farf\u00e1n se encuentra motivado con su regreso a los entrenamientos.<\/span><\/strong><\/p>\n<p><span style=\"color: #000000;\"><strong>Lima, 25 Junio 2020, (ANDINA).-<\/strong> El delantero peruano Jefferson Farf\u00e1n se encuentra motivado con su regreso a los entrenamientos con su club, el Lokomotiv Mosc\u00fa, tras superar el coronavirus y una larga lesi\u00f3n que lo alej\u00f3 del f\u00fatbol por buen tiempo.<\/span><\/p>\n<p><span style=\"color: #000000;\">A trav\u00e9s de su cuenta de Instagram, Farf\u00e1n dio a conocer que se encuentra \u00absuper motivado\u00bb debido que cada vez faltan menos d\u00edas para que retorne a los trabajos con sus compa\u00f1eros en el club ruso.<\/span><\/p>\n<p><span style=\"color: #000000;\">\u00abPaciencia, ya queda poco, pronto en las canchas, supermotivado, mucha fe y pensamiento positivo\u00bb, se\u00f1al\u00f3 la publicaci\u00f3n de Farf\u00e1n.<\/span><\/p>\n<p><span style=\"color: #000000;\">Debido a que se dieron aumentos de casos de contagios en el reinicio de la Liga de Rusia, el Lokomotiv decidi\u00f3 autoaislar a las fueras de Mosc\u00fa a su plantel de jugadores para prevenir.<\/span><\/p>\n<p><span style=\"color: #000000;\">\u201cLos jugadores y el equipo de entrenadores se trasladaron a la base del club en Bakova. En relaci\u00f3n con la incidencia cada vez mayor de contagios por coronavirus en la liga rusa\u201d, inform\u00f3 el Lokomotiv en redes sociales.<\/span><\/p>\n<p><span style=\"color: #000000;\">Lokomotiv suma 44 puntos y en la pr\u00f3xima fecha enfrentar\u00e1 a Rubin el viernes 26 de junio a partir de las 9:30 horas (hora peruana).<\/span><\/p>\n<p><img fetchpriority=\"high\" decoding=\"async\" class=\"aligncenter size-full wp-image-74003\" src=\"http:\/\/elinformanteperu.com\/wp-content\/uploads\/2020\/06\/Jefferson-Farf\u00e1n4.jpg\" alt=\"\" width=\"1800\" height=\"1278\" srcset=\"https:\/\/elinformanteperu.com\/wp-content\/uploads\/2020\/06\/Jefferson-Farf\u00e1n4.jpg 1800w, https:\/\/elinformanteperu.com\/wp-content\/uploads\/2020\/06\/Jefferson-Farf\u00e1n4-300x213.jpg 300w, https:\/\/elinformanteperu.com\/wp-content\/uploads\/2020\/06\/Jefferson-Farf\u00e1n4-1024x727.jpg 1024w, https:\/\/elinformanteperu.com\/wp-content\/uploads\/2020\/06\/Jefferson-Farf\u00e1n4-768x545.jpg 768w, https:\/\/elinformanteperu.com\/wp-content\/uploads\/2020\/06\/Jefferson-Farf\u00e1n4-1536x1091.jpg 1536w\" sizes=\"(max-width: 1800px) 100vw, 1800px\" \/><\/p>\n","protected":false},"excerpt":{"rendered":"<p>El delantero peruano Jefferson Farf\u00e1n se encuentra motivado con su regreso a los entrenamientos. Lima, 25 Junio 2020, (ANDINA).- El delantero peruano Jefferson Farf\u00e1n se encuentra motivado con su regreso a los entrenamientos con su club, el Lokomotiv Mosc\u00fa, tras superar el coronavirus y una larga lesi\u00f3n que lo alej\u00f3 del f\u00fatbol por buen tiempo. [&hellip;]<\/p>\n","protected":false},"author":1,"featured_media":75751,"comment_status":"open","ping_status":"open","sticky":false,"template":"","format":"standard","meta":{"rop_custom_images_group":[],"rop_custom_messages_group":[],"rop_publish_now":"initial","rop_publish_now_accounts":[],"rop_publish_now_history":[],"rop_publish_now_status":"pending","footnotes":""},"categories":[8],"tags":[670,2334],"class_list":["post-75750","post","type-post","status-publish","format-standard","has-post-thumbnail","hentry","category-disciplinas-deportivas","tag-jefferson-farfan","tag-lokomotiv"],"_links":{"self":[{"href":"https:\/\/elinformanteperu.com\/index.php\/wp-json\/wp\/v2\/posts\/75750","targetHints":{"allow":["GET"]}}],"collection":[{"href":"https:\/\/elinformanteperu.com\/index.php\/wp-json\/wp\/v2\/posts"}],"about":[{"href":"https:\/\/elinformanteperu.com\/index.php\/wp-json\/wp\/v2\/types\/post"}],"author":[{"embeddable":true,"href":"https:\/\/elinformanteperu.com\/index.php\/wp-json\/wp\/v2\/users\/1"}],"replies":[{"embeddable":true,"href":"https:\/\/elinformanteperu.com\/index.php\/wp-json\/wp\/v2\/comments?post=75750"}],"version-history":[{"count":1,"href":"https:\/\/elinformanteperu.com\/index.php\/wp-json\/wp\/v2\/posts\/75750\/revisions"}],"predecessor-version":[{"id":75752,"href":"https:\/\/elinformanteperu.com\/index.php\/wp-json\/wp\/v2\/posts\/75750\/revisions\/75752"}],"wp:featuredmedia":[{"embeddable":true,"href":"https:\/\/elinformanteperu.com\/index.php\/wp-json\/wp\/v2\/media\/75751"}],"wp:attachment":[{"href":"https:\/\/elinformanteperu.com\/index.php\/wp-json\/wp\/v2\/media?parent=75750"}],"wp:term":[{"taxonomy":"category","embeddable":true,"href":"https:\/\/elinformanteperu.com\/index.php\/wp-json\/wp\/v2\/categories?post=75750"},{"taxonomy":"post_tag","embeddable":true,"href":"https:\/\/elinformanteperu.com\/index.php\/wp-json\/wp\/v2\/tags?post=75750"}],"curies":[{"name":"wp","href":"https:\/\/api.w.org\/{rel}","templated":true}]}}