{"id":75747,"date":"2020-06-25T19:22:26","date_gmt":"2020-06-26T00:22:26","guid":{"rendered":"http:\/\/elinformanteperu.com\/?p=75747"},"modified":"2020-06-25T19:22:26","modified_gmt":"2020-06-26T00:22:26","slug":"paris-saint-germain-regreso-a-los-entrenamientos-con-neymar-al-frente","status":"publish","type":"post","link":"https:\/\/elinformanteperu.com\/index.php\/2020\/06\/25\/paris-saint-germain-regreso-a-los-entrenamientos-con-neymar-al-frente\/","title":{"rendered":"Par\u00eds Saint-Germain regres\u00f3 a los entrenamientos con Neymar al frente"},"content":{"rendered":"<p><strong><span style=\"color: #000000;\">Con Neymar al frente, la plantilla del Par\u00eds Saint-Germain regres\u00f3 a los entrenamientos.<\/span><\/strong><\/p>\n<p><span style=\"color: #000000;\"><strong>Par\u00eds, 25 Junio 2020, (ANDINA).<\/strong>&#8211; Con Neymar al frente, la plantilla del Par\u00eds Saint-Germain regres\u00f3 a los entrenamientos colectivos tras tres meses y medio de par\u00f3n, en un primer paso hacia sus objetivos, las copas nacionales de Francia y la Liga de Campeones.<\/span><\/p>\n<p><span style=\"color: #000000;\">\u00ab\u00a1Regreso a los terrenos!\u00bb, public\u00f3 en Twitter el campe\u00f3n de Francia, con un v\u00eddeo de su estrella brasile\u00f1a entrando al campo de entrenamiento de Saint-Germain-en-Laye.<\/span><\/p>\n<p><span style=\"color: #000000;\">Los jugadores del PSG pasaron ex\u00e1menes m\u00e9dicos y f\u00edsicos entre lunes y mi\u00e9rcoles. Este jueves completan su primer entrenamiento colectivo, con bal\u00f3n pero divididos en peque\u00f1os grupos.<\/span><\/p>\n<p><span style=\"color: #000000;\">Campe\u00f3n de Francia tras una temporada suspendida definitivamente por la pandemia de coronavirus, el PSG debe disputar la fase final de la Liga de Campeones, que se disputar\u00e1 desde cuartos a partido \u00fanico en una fase final en Lisboa en agosto.<\/span><\/p>\n<p><span style=\"color: #000000;\">Adem\u00e1s jugar\u00e1 por el t\u00edtulo en la final de la Copa de Francia, ante el Saint-Etienne, y en la final de la Copa de la Liga, ante el Lyon, dos duelos previstos a finales de julio.<\/span><\/p>\n<p><img fetchpriority=\"high\" decoding=\"async\" class=\"aligncenter size-full wp-image-14337\" src=\"http:\/\/elinformanteperu.com\/wp-content\/uploads\/2017\/08\/neymar-psg-1.jpg\" alt=\"\" width=\"770\" height=\"470\" srcset=\"https:\/\/elinformanteperu.com\/wp-content\/uploads\/2017\/08\/neymar-psg-1.jpg 770w, https:\/\/elinformanteperu.com\/wp-content\/uploads\/2017\/08\/neymar-psg-1-300x183.jpg 300w, https:\/\/elinformanteperu.com\/wp-content\/uploads\/2017\/08\/neymar-psg-1-768x469.jpg 768w, https:\/\/elinformanteperu.com\/wp-content\/uploads\/2017\/08\/neymar-psg-1-128x78.jpg 128w, https:\/\/elinformanteperu.com\/wp-content\/uploads\/2017\/08\/neymar-psg-1-32x20.jpg 32w\" sizes=\"(max-width: 770px) 100vw, 770px\" \/><\/p>\n","protected":false},"excerpt":{"rendered":"<p>Con Neymar al frente, la plantilla del Par\u00eds Saint-Germain regres\u00f3 a los entrenamientos. Par\u00eds, 25 Junio 2020, (ANDINA).&#8211; Con Neymar al frente, la plantilla del Par\u00eds Saint-Germain regres\u00f3 a los entrenamientos colectivos tras tres meses y medio de par\u00f3n, en un primer paso hacia sus objetivos, las copas nacionales de Francia y la Liga de [&hellip;]<\/p>\n","protected":false},"author":1,"featured_media":75748,"comment_status":"open","ping_status":"open","sticky":false,"template":"","format":"standard","meta":{"rop_custom_images_group":[],"rop_custom_messages_group":[],"rop_publish_now":"initial","rop_publish_now_accounts":[],"rop_publish_now_history":[],"rop_publish_now_status":"pending","footnotes":""},"categories":[8],"tags":[88,2022,1102],"class_list":["post-75747","post","type-post","status-publish","format-standard","has-post-thumbnail","hentry","category-disciplinas-deportivas","tag-neymar","tag-paris-saint-germain","tag-psg"],"_links":{"self":[{"href":"https:\/\/elinformanteperu.com\/index.php\/wp-json\/wp\/v2\/posts\/75747","targetHints":{"allow":["GET"]}}],"collection":[{"href":"https:\/\/elinformanteperu.com\/index.php\/wp-json\/wp\/v2\/posts"}],"about":[{"href":"https:\/\/elinformanteperu.com\/index.php\/wp-json\/wp\/v2\/types\/post"}],"author":[{"embeddable":true,"href":"https:\/\/elinformanteperu.com\/index.php\/wp-json\/wp\/v2\/users\/1"}],"replies":[{"embeddable":true,"href":"https:\/\/elinformanteperu.com\/index.php\/wp-json\/wp\/v2\/comments?post=75747"}],"version-history":[{"count":1,"href":"https:\/\/elinformanteperu.com\/index.php\/wp-json\/wp\/v2\/posts\/75747\/revisions"}],"predecessor-version":[{"id":75749,"href":"https:\/\/elinformanteperu.com\/index.php\/wp-json\/wp\/v2\/posts\/75747\/revisions\/75749"}],"wp:featuredmedia":[{"embeddable":true,"href":"https:\/\/elinformanteperu.com\/index.php\/wp-json\/wp\/v2\/media\/75748"}],"wp:attachment":[{"href":"https:\/\/elinformanteperu.com\/index.php\/wp-json\/wp\/v2\/media?parent=75747"}],"wp:term":[{"taxonomy":"category","embeddable":true,"href":"https:\/\/elinformanteperu.com\/index.php\/wp-json\/wp\/v2\/categories?post=75747"},{"taxonomy":"post_tag","embeddable":true,"href":"https:\/\/elinformanteperu.com\/index.php\/wp-json\/wp\/v2\/tags?post=75747"}],"curies":[{"name":"wp","href":"https:\/\/api.w.org\/{rel}","templated":true}]}}