{"id":75623,"date":"2020-06-24T00:26:31","date_gmt":"2020-06-24T05:26:31","guid":{"rendered":"http:\/\/elinformanteperu.com\/?p=75623"},"modified":"2020-06-24T00:26:31","modified_gmt":"2020-06-24T05:26:31","slug":"podemos-peru-retira-a-sus-miembros-titulares-y-accesitarios-de-la-comision-de-educacion","status":"publish","type":"post","link":"https:\/\/elinformanteperu.com\/index.php\/2020\/06\/24\/podemos-peru-retira-a-sus-miembros-titulares-y-accesitarios-de-la-comision-de-educacion\/","title":{"rendered":"Podemos Per\u00fa retira a sus miembros titulares y accesitarios de la Comisi\u00f3n de Educaci\u00f3n"},"content":{"rendered":"<p><strong><span style=\"color: #000000;\">El partido Podemos Per\u00fa tom\u00f3 la decisi\u00f3n de retirar de la Comisi\u00f3n de Educaci\u00f3n del Congreso de la Rep\u00fablica tanto a sus parlamentarios titulares como accesitarios.<\/span><\/strong><\/p>\n<p><span style=\"color: #000000;\"><strong>Lima, 23 Junio 2020, (ANDINA).-<\/strong> El partido Podemos Per\u00fa tom\u00f3 la decisi\u00f3n de retirar de la Comisi\u00f3n de Educaci\u00f3n del Congreso de la Rep\u00fablica tanto a sus parlamentarios titulares como accesitarios, a propuesta del vocero de la bancada, Daniel Urresti Elera.<\/span><\/p>\n<p><span style=\"color: #000000;\">El legislador inform\u00f3 que la medida se adopt\u00f3 para que sus opositores no le sigan mintiendo a los peruanos de que su agrupaci\u00f3n, as\u00ed como el presidente del partido, Jos\u00e9 Luna G\u00e1lvez, se oponen a los avances en la reforma universitaria y a la labor de la Superintendencia Nacional de Educaci\u00f3n Superior Universitaria (Sunedu).<\/span><\/p>\n<p><span style=\"color: #000000;\">\u201cAgradezco al presidente del partido y al Comit\u00e9 Ejecutivo Nacional por aceptar mi propuesta. Eso demuestra el esp\u00edritu \u00e9tico y moral de Podemos Per\u00fa y, adem\u00e1s, ratifica que la transparencia y el compromiso del partido por la educaci\u00f3n van m\u00e1s all\u00e1 de las palabras\u201d, asever\u00f3.<\/span><\/p>\n<p><span style=\"color: #000000;\">Urresti afirm\u00f3 que Podemos Per\u00fa es v\u00edctima de ataques orquestados y constantes al m\u00e1s puro estilo fujimontesinista desde que aparecieron en la pol\u00edtica.<\/span><\/p>\n<p><span style=\"color: #000000;\">Desde entonces, explic\u00f3, los ataques no han cesado y aun as\u00ed estuvieron a punto de llegar a la alcald\u00eda de Lima y hoy cuentan con 11 congresistas.<\/span><\/p>\n<p><span style=\"color: #000000;\">\u201cNuestros enemigos pol\u00edticos no nos perdonan eso. Hemos sido v\u00edctimas frecuentes de descabelladas acusaciones pol\u00edticas y de ataques medi\u00e1ticos dirigidos, principalmente, contra Jos\u00e9 Luna G\u00e1lvez, fundador del partido y contra mi persona\u201d, asever\u00f3.<\/span><\/p>\n<p><span style=\"color: #000000;\">El parlamentario sostuvo que \u201cen esta andanada de ataques al mejor estilo fujimontesinista han tratado infinidad de veces de vincular a los m\u00e1ximos dirigentes de nuestro partido y a nuestra bancada con acciones que van contra la Sunedu\u201d.<\/span><\/p>\n<p><strong><span style=\"color: #000000;\">Reformas<\/span><\/strong><\/p>\n<p><span style=\"color: #000000;\">Urresti record\u00f3 que en las \u00faltimas semanas se lleg\u00f3 al extremo de expresar que, desde la Comisi\u00f3n de Educaci\u00f3n, Podemos Per\u00fa pretende petardear las reformas universitarias. Todo es totalmente falso, inventado, distorsionado y exagerado, asegur\u00f3.<\/span><\/p>\n<p><span style=\"color: #000000;\">\u201cLo m\u00e1s rid\u00edculo del caso: no obstante que ninguno de nuestros congresistas present\u00f3 alguna iniciativa contra la Sunedu siguieron repitiendo la cantaleta de que pretend\u00edamos quitarle facultades a esta entidad\u201d, remarc\u00f3.<\/span><\/p>\n<p><span style=\"color: #000000;\">Urresti reafirm\u00f3 su compromiso de no pronunciarse ni hacer nada que vaya en contra de la Superintendencia Nacional de Educaci\u00f3n Superior Universitaria ni contra los avances de la reforma.<\/span><\/p>\n<p><span style=\"color: #000000;\">\u201cReitero, Podemos Per\u00fa no tiene ning\u00fan inter\u00e9s en beneficiar a alguna universidad en particular. Esperamos que otros miembros del Parlamento sigan nuestro ejemplo y act\u00faen con la misma transparencia\u201d, enfatiz\u00f3.<\/span><\/p>\n<p><span style=\"color: #000000;\">Urresti reafirm\u00f3 el compromiso de su agrupaci\u00f3n pol\u00edtica \u201cde no hacer nada que vaya contra la Sunedu ni contra los avances en la reforma universitaria\u201d.<\/span><\/p>\n","protected":false},"excerpt":{"rendered":"<p>El partido Podemos Per\u00fa tom\u00f3 la decisi\u00f3n de retirar de la Comisi\u00f3n de Educaci\u00f3n del Congreso de la Rep\u00fablica tanto a sus parlamentarios titulares como accesitarios. Lima, 23 Junio 2020, (ANDINA).- El partido Podemos Per\u00fa tom\u00f3 la decisi\u00f3n de retirar de la Comisi\u00f3n de Educaci\u00f3n del Congreso de la Rep\u00fablica tanto a sus parlamentarios titulares [&hellip;]<\/p>\n","protected":false},"author":1,"featured_media":71179,"comment_status":"open","ping_status":"open","sticky":false,"template":"","format":"standard","meta":{"rop_custom_images_group":[],"rop_custom_messages_group":[],"rop_publish_now":"initial","rop_publish_now_accounts":[],"rop_publish_now_history":[],"rop_publish_now_status":"pending","footnotes":""},"categories":[5],"tags":[192,2953],"class_list":["post-75623","post","type-post","status-publish","format-standard","has-post-thumbnail","hentry","category-actualidad-informativa","tag-congreso","tag-podemos-peru"],"_links":{"self":[{"href":"https:\/\/elinformanteperu.com\/index.php\/wp-json\/wp\/v2\/posts\/75623","targetHints":{"allow":["GET"]}}],"collection":[{"href":"https:\/\/elinformanteperu.com\/index.php\/wp-json\/wp\/v2\/posts"}],"about":[{"href":"https:\/\/elinformanteperu.com\/index.php\/wp-json\/wp\/v2\/types\/post"}],"author":[{"embeddable":true,"href":"https:\/\/elinformanteperu.com\/index.php\/wp-json\/wp\/v2\/users\/1"}],"replies":[{"embeddable":true,"href":"https:\/\/elinformanteperu.com\/index.php\/wp-json\/wp\/v2\/comments?post=75623"}],"version-history":[{"count":1,"href":"https:\/\/elinformanteperu.com\/index.php\/wp-json\/wp\/v2\/posts\/75623\/revisions"}],"predecessor-version":[{"id":75624,"href":"https:\/\/elinformanteperu.com\/index.php\/wp-json\/wp\/v2\/posts\/75623\/revisions\/75624"}],"wp:featuredmedia":[{"embeddable":true,"href":"https:\/\/elinformanteperu.com\/index.php\/wp-json\/wp\/v2\/media\/71179"}],"wp:attachment":[{"href":"https:\/\/elinformanteperu.com\/index.php\/wp-json\/wp\/v2\/media?parent=75623"}],"wp:term":[{"taxonomy":"category","embeddable":true,"href":"https:\/\/elinformanteperu.com\/index.php\/wp-json\/wp\/v2\/categories?post=75623"},{"taxonomy":"post_tag","embeddable":true,"href":"https:\/\/elinformanteperu.com\/index.php\/wp-json\/wp\/v2\/tags?post=75623"}],"curies":[{"name":"wp","href":"https:\/\/api.w.org\/{rel}","templated":true}]}}