{"id":75254,"date":"2020-06-20T00:18:13","date_gmt":"2020-06-20T05:18:13","guid":{"rendered":"http:\/\/elinformanteperu.com\/?p=75254"},"modified":"2020-06-20T00:21:28","modified_gmt":"2020-06-20T05:21:28","slug":"a-partir-del-22-de-junio-quedan-sin-efecto-los-pases-laborales-y-distritales","status":"publish","type":"post","link":"https:\/\/elinformanteperu.com\/index.php\/2020\/06\/20\/a-partir-del-22-de-junio-quedan-sin-efecto-los-pases-laborales-y-distritales\/","title":{"rendered":"A partir del 22 de junio quedan sin efecto los pases laborales y distritales"},"content":{"rendered":"<p><strong><span style=\"color: #000000;\">A partir del lunes 22 queda sin efecto el uso del pase laboral y el distrital que solicitan las personas actualmente para movilizarse.<\/span><\/strong><\/p>\n<p><span style=\"color: #000000;\"><strong>Lima, 19 Junio 2020, (ANDINA).-<\/strong> A partir del lunes 22 queda sin efecto el uso del pase laboral y el distrital que solicitan las personas actualmente para movilizarse durante el estado de emergencia que decret\u00f3 el Gobierno para evitar el avance del covid-19.<\/span><\/p>\n<p><span style=\"color: #000000;\">El ministro de Defensa, Walter Martos, record\u00f3 durante la entrevista que concedi\u00f3 a RPP que el pase vehicular que solicitan todav\u00eda las personas para circular hacia otro distrito ya no ser\u00e1 necesario a partir del lunes.<\/span><\/p>\n<p><span style=\"color: #000000;\">Tambi\u00e9n queda sin efecto el pase laboral, tanto el que utilizan a\u00fan quienes se trasladan a sus centros de trabajo en transporte p\u00fablico como en su propio veh\u00edculo.<\/span><\/p>\n<p><span style=\"color: #000000;\">Solo quedan en vigencia los que se necesitan para movilizarse en toque de queda y los d\u00edas domingos por motivo de trabajo, precis\u00f3.<\/span><\/p>\n<p><strong><span style=\"color: #000000;\">Sobre aislamiento social del domingo<\/span><\/strong><\/p>\n<p><span style=\"color: #000000;\">El funcionario dijo que el Consejo de Ministros est\u00e1 evaluando si es pertinente o no levantar el aislamiento social obligatorio del d\u00eda domingo. Lo cierto es que la inamovilidad ayuda mucho a evitar la rapidez de contagio del nuevo coronavirus, manifest\u00f3.<\/span><\/p>\n<p><span style=\"color: #000000;\">\u201cEsta restricci\u00f3n, justamente, evita el movimiento del virus y el contacto entre las personas. Estamos abriendo poco a poco las actividades que son estrictamente necesarias para la supervivencia y salud de las personas y la salud econ\u00f3mica del pa\u00eds.\u201d<\/span><\/p>\n","protected":false},"excerpt":{"rendered":"<p>A partir del lunes 22 queda sin efecto el uso del pase laboral y el distrital que solicitan las personas actualmente para movilizarse. Lima, 19 Junio 2020, (ANDINA).- A partir del lunes 22 queda sin efecto el uso del pase laboral y el distrital que solicitan las personas actualmente para movilizarse durante el estado de [&hellip;]<\/p>\n","protected":false},"author":1,"featured_media":75255,"comment_status":"open","ping_status":"open","sticky":false,"template":"","format":"standard","meta":{"rop_custom_images_group":[],"rop_custom_messages_group":[],"rop_publish_now":"initial","rop_publish_now_accounts":[],"rop_publish_now_history":[],"rop_publish_now_status":"pending","footnotes":""},"categories":[5,5745],"tags":[5236,5364,5374],"class_list":["post-75254","post","type-post","status-publish","format-standard","has-post-thumbnail","hentry","category-actualidad-informativa","category-lo-ultimo","tag-coronavirus","tag-covid-19","tag-peru-estado-de-emergencia"],"_links":{"self":[{"href":"https:\/\/elinformanteperu.com\/index.php\/wp-json\/wp\/v2\/posts\/75254","targetHints":{"allow":["GET"]}}],"collection":[{"href":"https:\/\/elinformanteperu.com\/index.php\/wp-json\/wp\/v2\/posts"}],"about":[{"href":"https:\/\/elinformanteperu.com\/index.php\/wp-json\/wp\/v2\/types\/post"}],"author":[{"embeddable":true,"href":"https:\/\/elinformanteperu.com\/index.php\/wp-json\/wp\/v2\/users\/1"}],"replies":[{"embeddable":true,"href":"https:\/\/elinformanteperu.com\/index.php\/wp-json\/wp\/v2\/comments?post=75254"}],"version-history":[{"count":1,"href":"https:\/\/elinformanteperu.com\/index.php\/wp-json\/wp\/v2\/posts\/75254\/revisions"}],"predecessor-version":[{"id":75256,"href":"https:\/\/elinformanteperu.com\/index.php\/wp-json\/wp\/v2\/posts\/75254\/revisions\/75256"}],"wp:featuredmedia":[{"embeddable":true,"href":"https:\/\/elinformanteperu.com\/index.php\/wp-json\/wp\/v2\/media\/75255"}],"wp:attachment":[{"href":"https:\/\/elinformanteperu.com\/index.php\/wp-json\/wp\/v2\/media?parent=75254"}],"wp:term":[{"taxonomy":"category","embeddable":true,"href":"https:\/\/elinformanteperu.com\/index.php\/wp-json\/wp\/v2\/categories?post=75254"},{"taxonomy":"post_tag","embeddable":true,"href":"https:\/\/elinformanteperu.com\/index.php\/wp-json\/wp\/v2\/tags?post=75254"}],"curies":[{"name":"wp","href":"https:\/\/api.w.org\/{rel}","templated":true}]}}