{"id":75251,"date":"2020-06-20T00:14:06","date_gmt":"2020-06-20T05:14:06","guid":{"rendered":"http:\/\/elinformanteperu.com\/?p=75251"},"modified":"2020-06-20T00:14:06","modified_gmt":"2020-06-20T05:14:06","slug":"vargas-llosa-la-exigencia-ahora-es-poner-el-hombro-y-mantenerse-unidos-ante-covid-19","status":"publish","type":"post","link":"https:\/\/elinformanteperu.com\/index.php\/2020\/06\/20\/vargas-llosa-la-exigencia-ahora-es-poner-el-hombro-y-mantenerse-unidos-ante-covid-19\/","title":{"rendered":"Vargas Llosa: la exigencia ahora es poner el hombro y mantenerse unidos ante covid-19"},"content":{"rendered":"<p><strong><span style=\"color: #000000;\">El premio nobel de Literatura, Mario Vargas Llosa, sostuvo que en estos momentos, la exigencia mayor es poner el hombro y mantenerse unidos.<\/span><\/strong><\/p>\n<p><span style=\"color: #000000;\"><strong>Lima, 19 Junio 2020, (ANDINA).-<\/strong> El premio nobel de Literatura, Mario Vargas Llosa, sostuvo que en estos momentos en el pa\u00eds enfrenta la pandemia por el coronavirus (covid-19), la exigencia mayor es poner el hombro y mantenerse unidos para dar una batalla conjunta.<\/span><\/p>\n<p><span style=\"color: #000000;\">\u201cLas cr\u00edticas vendr\u00e1n despu\u00e9s, las responsabilidades se tomar\u00e1n m\u00e1s tarde pero en este momento, en que el proceso est\u00e1 llenando de contagiados, v\u00edctimas, muertos, tal vez no es el momento para pedir responsabilidades\u201d, se\u00f1al\u00f3 en Canal N.<\/span><\/p>\n<p><span style=\"color: #000000;\">En ese sentido, pidi\u00f3 a los peruanos tener coraje, sabiendo que enfrentan a un enemigo dif\u00edcil de derrotar pero que tarde o temprano ser\u00e1 vencido.<\/span><\/p>\n<p><span style=\"color: #000000;\">\u00abOjala que la victimas que quedan en el camino no sean demasiadas y puedan recuperarse\u00bb, apunt\u00f3.<\/span><\/p>\n<p><span style=\"color: #000000;\">Sostuvo que el presidente Mart\u00edn Vizcarra es un gobernante local exitoso, se encontr\u00f3 de pronto con la responsabilidad de conducir el pa\u00eds y ha tratado con cierto \u00e9xito de mantener la democracia en momentos dif\u00edciles, cuando se ve\u00eda amenazada.<\/span><\/p>\n<p><span style=\"color: #000000;\">Ahora, se encontr\u00f3 de pronto con este desaf\u00edo terrible para el que nadie estaba preparado y que, debido a la conformaci\u00f3n burocr\u00e1tica y pol\u00edtica del pa\u00eds, est\u00e1 siendo rebasado por estos acontecimientos.<\/span><\/p>\n<p><span style=\"color: #000000;\">Refiri\u00f3 que la corrupci\u00f3n ha sido un desgaste permanente para el desarrollo del Per\u00fa, por lo que consider\u00f3 que el combate contra este flagelo es algo fundamental.<\/span><\/p>\n<p><span style=\"color: #000000;\">\u201cLa corrupci\u00f3n que ha salid a la luz es una de las razones por las cuales el modelo ha funcionado en forma defectuosa, la corrupci\u00f3n es un problema may\u00fasculo y es seguramente un problema extendido en Am\u00e9rica Latina\u201d, apunt\u00f3.<\/span><\/p>\n<p><span style=\"color: #000000;\">Refiri\u00f3 que el n\u00famero de v\u00edctimas por el coronavirus se debe a la falta de inversiones en el campo de la sanidad, lo que ha tra\u00eddo como consecuencia que el pa\u00eds tenga una estructura sanitaria d\u00e9bil.<\/span><\/p>\n<p><span style=\"color: #000000;\">\u201cCreo que, en ese sentido, ser\u00eda importante aprovechar la lecci\u00f3n para cambiar de actitud respecto a lo que son las instituciones p\u00fabicas en el campo de la salud, por ejemplo\u201d, asever\u00f3.<\/span><\/p>\n<p><span style=\"color: #000000;\">Sostuvo que la corrupci\u00f3n de los \u00faltimos 10 a\u00f1os pudo haber permitido realizar una buena inversi\u00f3n, sin embargo se us\u00f3 para enriquecer a ciertos sectores pol\u00edticos ubicados en puestos claves y a sectores empresariales.<\/span><\/p>\n<p><span style=\"color: #000000;\">\u201cEso no puede seguir ocurriendo, es una amenaza tremenda para muchos peruanos que est\u00e1n desvalidos frente a una pandemia como el codiv-19, eso (el cambio) ser\u00eda una buena consecuencia de la cat\u00e1strofe que vive el pa\u00eds\u201d, manifest\u00f3.<\/span><\/p>\n","protected":false},"excerpt":{"rendered":"<p>El premio nobel de Literatura, Mario Vargas Llosa, sostuvo que en estos momentos, la exigencia mayor es poner el hombro y mantenerse unidos. Lima, 19 Junio 2020, (ANDINA).- El premio nobel de Literatura, Mario Vargas Llosa, sostuvo que en estos momentos en el pa\u00eds enfrenta la pandemia por el coronavirus (covid-19), la exigencia mayor es [&hellip;]<\/p>\n","protected":false},"author":1,"featured_media":75252,"comment_status":"open","ping_status":"open","sticky":false,"template":"","format":"standard","meta":{"rop_custom_images_group":[],"rop_custom_messages_group":[],"rop_publish_now":"initial","rop_publish_now_accounts":[],"rop_publish_now_history":[],"rop_publish_now_status":"pending","footnotes":""},"categories":[5],"tags":[1242],"class_list":["post-75251","post","type-post","status-publish","format-standard","has-post-thumbnail","hentry","category-actualidad-informativa","tag-mario-vargas-llosa"],"_links":{"self":[{"href":"https:\/\/elinformanteperu.com\/index.php\/wp-json\/wp\/v2\/posts\/75251","targetHints":{"allow":["GET"]}}],"collection":[{"href":"https:\/\/elinformanteperu.com\/index.php\/wp-json\/wp\/v2\/posts"}],"about":[{"href":"https:\/\/elinformanteperu.com\/index.php\/wp-json\/wp\/v2\/types\/post"}],"author":[{"embeddable":true,"href":"https:\/\/elinformanteperu.com\/index.php\/wp-json\/wp\/v2\/users\/1"}],"replies":[{"embeddable":true,"href":"https:\/\/elinformanteperu.com\/index.php\/wp-json\/wp\/v2\/comments?post=75251"}],"version-history":[{"count":1,"href":"https:\/\/elinformanteperu.com\/index.php\/wp-json\/wp\/v2\/posts\/75251\/revisions"}],"predecessor-version":[{"id":75253,"href":"https:\/\/elinformanteperu.com\/index.php\/wp-json\/wp\/v2\/posts\/75251\/revisions\/75253"}],"wp:featuredmedia":[{"embeddable":true,"href":"https:\/\/elinformanteperu.com\/index.php\/wp-json\/wp\/v2\/media\/75252"}],"wp:attachment":[{"href":"https:\/\/elinformanteperu.com\/index.php\/wp-json\/wp\/v2\/media?parent=75251"}],"wp:term":[{"taxonomy":"category","embeddable":true,"href":"https:\/\/elinformanteperu.com\/index.php\/wp-json\/wp\/v2\/categories?post=75251"},{"taxonomy":"post_tag","embeddable":true,"href":"https:\/\/elinformanteperu.com\/index.php\/wp-json\/wp\/v2\/tags?post=75251"}],"curies":[{"name":"wp","href":"https:\/\/api.w.org\/{rel}","templated":true}]}}