{"id":75239,"date":"2020-06-19T23:58:39","date_gmt":"2020-06-20T04:58:39","guid":{"rendered":"http:\/\/elinformanteperu.com\/?p=75239"},"modified":"2020-06-19T23:58:39","modified_gmt":"2020-06-20T04:58:39","slug":"frente-amplio-congresista-enrique-fernandez-libra-una-batalla-por-su-vida","status":"publish","type":"post","link":"https:\/\/elinformanteperu.com\/index.php\/2020\/06\/19\/frente-amplio-congresista-enrique-fernandez-libra-una-batalla-por-su-vida\/","title":{"rendered":"Frente Amplio: congresista Enrique Fern\u00e1ndez libra una batalla por su vida"},"content":{"rendered":"<p><strong><span style=\"color: #000000;\">La bancada del Frente Amplio (FA) inform\u00f3 que el congresista Enrique Fern\u00e1ndez Chac\u00f3n libra una batalla por su vida.<\/span><\/strong><\/p>\n<p><span style=\"color: #000000;\"><strong>Lima, 19 Junio 2020, (ANDINA).-<\/strong> La bancada del Frente Amplio (FA) inform\u00f3 que el congresista Enrique Fern\u00e1ndez Chac\u00f3n libra una batalla por su vida a causa del contagio por el coronavirus covid-19.<\/span><\/p>\n<p><span style=\"color: #000000;\">\u00abAcompa\u00f1amos su lucha y damos seguimiento a su estado de salud; Cochero saldr\u00e1 bien librado, como sabe hacerlo\u00bb, se\u00f1ala la bancada.<\/span><\/p>\n<p><span style=\"color: #000000;\">Expresaron adem\u00e1s su solidaridad con todos los peruanos que se encuentran luchando contra el covid-19, en medio de un sistema de salud p\u00fablica colapsado.<\/span><\/p>\n<p><span style=\"color: #000000;\">Piden al Gobierno encarar la urgencia de la reforma de la salud p\u00fablica y enfrentar la especulaci\u00f3n, el acaparamiento y aprovechamiento del dolor y sufrimiento del pueblo peruano.<\/span><\/p>\n<p><span style=\"color: #000000;\">Fern\u00e1ndez Chac\u00f3n dio a conocer el pasado 7 de junio que hab\u00eda dado positivo al covid-19 y que se encontraba internado en una cl\u00ednica local.<\/span><\/p>\n<p><span style=\"color: #000000;\">En ese entonces inform\u00f3 que en su caso la fiebre hab\u00eda cedido, pero que a\u00fan continuaba internado asistido con ox\u00edgeno.<\/span><\/p>\n<p><span style=\"color: #000000;\">El parlamentario, de 78 a\u00f1os de edad, habr\u00eda sido derivado a la unidad de cuidados intensivos.<\/span><\/p>\n<blockquote class=\"twitter-tweet\">\n<p dir=\"ltr\" lang=\"es\">\ud83c\uddf5\ud83c\uddea <a href=\"https:\/\/twitter.com\/hashtag\/BancadaDelPueblo?src=hash&amp;ref_src=twsrc%5Etfw\">#BancadaDelPueblo<\/a> | ACOMPA\u00d1AMOS A NUESTRO COMPA\u00d1ERO CARLOS ENRIQUE FERN\u00c1NDEZ CHAC\u00d3N EN LA LUCHA POR SU VIDA. <a href=\"https:\/\/t.co\/0Q3xMwntvG\">pic.twitter.com\/0Q3xMwntvG<\/a><\/p>\n<p>\u2014 Bancada FA \ud83c\uddf5\ud83c\uddea (@BancadaFAperu) <a href=\"https:\/\/twitter.com\/BancadaFAperu\/status\/1274064507162288130?ref_src=twsrc%5Etfw\">June 19, 2020<\/a><\/p><\/blockquote>\n<p><script async src=\"https:\/\/platform.twitter.com\/widgets.js\" charset=\"utf-8\"><\/script><\/p>\n","protected":false},"excerpt":{"rendered":"<p>La bancada del Frente Amplio (FA) inform\u00f3 que el congresista Enrique Fern\u00e1ndez Chac\u00f3n libra una batalla por su vida. Lima, 19 Junio 2020, (ANDINA).- La bancada del Frente Amplio (FA) inform\u00f3 que el congresista Enrique Fern\u00e1ndez Chac\u00f3n libra una batalla por su vida a causa del contagio por el coronavirus covid-19. \u00abAcompa\u00f1amos su lucha y [&hellip;]<\/p>\n","protected":false},"author":1,"featured_media":75240,"comment_status":"open","ping_status":"open","sticky":false,"template":"","format":"standard","meta":{"rop_custom_images_group":[],"rop_custom_messages_group":[],"rop_publish_now":"initial","rop_publish_now_accounts":[],"rop_publish_now_history":[],"rop_publish_now_status":"pending","footnotes":""},"categories":[5],"tags":[192,3615,158],"class_list":["post-75239","post","type-post","status-publish","format-standard","has-post-thumbnail","hentry","category-actualidad-informativa","tag-congreso","tag-enrique-fernandez-chacon","tag-frente-amplio"],"_links":{"self":[{"href":"https:\/\/elinformanteperu.com\/index.php\/wp-json\/wp\/v2\/posts\/75239","targetHints":{"allow":["GET"]}}],"collection":[{"href":"https:\/\/elinformanteperu.com\/index.php\/wp-json\/wp\/v2\/posts"}],"about":[{"href":"https:\/\/elinformanteperu.com\/index.php\/wp-json\/wp\/v2\/types\/post"}],"author":[{"embeddable":true,"href":"https:\/\/elinformanteperu.com\/index.php\/wp-json\/wp\/v2\/users\/1"}],"replies":[{"embeddable":true,"href":"https:\/\/elinformanteperu.com\/index.php\/wp-json\/wp\/v2\/comments?post=75239"}],"version-history":[{"count":1,"href":"https:\/\/elinformanteperu.com\/index.php\/wp-json\/wp\/v2\/posts\/75239\/revisions"}],"predecessor-version":[{"id":75241,"href":"https:\/\/elinformanteperu.com\/index.php\/wp-json\/wp\/v2\/posts\/75239\/revisions\/75241"}],"wp:featuredmedia":[{"embeddable":true,"href":"https:\/\/elinformanteperu.com\/index.php\/wp-json\/wp\/v2\/media\/75240"}],"wp:attachment":[{"href":"https:\/\/elinformanteperu.com\/index.php\/wp-json\/wp\/v2\/media?parent=75239"}],"wp:term":[{"taxonomy":"category","embeddable":true,"href":"https:\/\/elinformanteperu.com\/index.php\/wp-json\/wp\/v2\/categories?post=75239"},{"taxonomy":"post_tag","embeddable":true,"href":"https:\/\/elinformanteperu.com\/index.php\/wp-json\/wp\/v2\/tags?post=75239"}],"curies":[{"name":"wp","href":"https:\/\/api.w.org\/{rel}","templated":true}]}}