{"id":75236,"date":"2020-06-19T23:51:27","date_gmt":"2020-06-20T04:51:27","guid":{"rendered":"http:\/\/elinformanteperu.com\/?p=75236"},"modified":"2020-06-19T23:51:27","modified_gmt":"2020-06-20T04:51:27","slug":"paridad-y-alternancia-presidente-vizcarra-espera-que-pleno-del-congreso-apruebe-reforma","status":"publish","type":"post","link":"https:\/\/elinformanteperu.com\/index.php\/2020\/06\/19\/paridad-y-alternancia-presidente-vizcarra-espera-que-pleno-del-congreso-apruebe-reforma\/","title":{"rendered":"Paridad y alternancia: presidente Vizcarra espera que pleno del Congreso apruebe reforma"},"content":{"rendered":"<p><strong><span style=\"color: #000000;\">El presidente Mart\u00edn Vizcarra dijo estar atento a que el pleno del Congreso apruebe la paridad y alternancia para las elecciones del 2021.<\/span><\/strong><\/p>\n<p><span style=\"color: #000000;\"><strong>Lima, 19 Junio 2020, (ANDINA).-<\/strong> El presidente Mart\u00edn Vizcarra dijo estar atento a que el pleno del Congreso apruebe la paridad y alternancia para las elecciones del 2021, a fin de garantizar una participaci\u00f3n m\u00e1s justa de las mujeres en las listas de candidatos.<\/span><\/p>\n<p><span style=\"color: #000000;\">En un pronunciamiento, luego de supervisar el Hospital Militar Central, el Jefe del Estado record\u00f3 que hace 64 a\u00f1os la mujer obtuvo su derecho al voto, pero todav\u00eda, a pesar de los a\u00f1os transcurridos, no hay paridad en las autoridades.<\/span><\/p>\n<p><span style=\"color: #000000;\">\u201cEstamos atentos para que, finalmente, el pleno del Congreso pueda aprobar el concepto de paridad y alternancia para las elecciones del 2021. Las mujeres hace 64 a\u00f1os obtuvieron el derecho al voto, y todav\u00eda no hay paridad en las autoridades. A trav\u00e9s de paridad y alternancia en la elaboraci\u00f3n de listas de candidatos se puede lograr una participaci\u00f3n m\u00e1s justa de las mujeres\u201d, expres\u00f3.<\/span><\/p>\n<p><span style=\"color: #000000;\">El gobernante remarc\u00f3 que la opini\u00f3n expresada por los peruanos en el refer\u00e9ndum del 2018 \u201cno puede soslayarse ni dejarse de lado por las actuales autoridades del Congreso\u201d.<\/span><\/p>\n<p><span style=\"color: #000000;\">Asimismo, el presidente Vizcarra ratific\u00f3 que el Gobierno tiene como bandera la lucha contra la corrupci\u00f3n y, en ese sentido, fue enf\u00e1tico al se\u00f1alar que respaldan toda investigaci\u00f3n y brindan todas las facilidades y apoyo para castigar a los funcionarios, que aprovech\u00e1ndose de estas circunstancias quieren sacar provecho propio.<\/span><\/p>\n<p><span style=\"color: #000000;\">Igualmente reiter\u00f3 el respaldo y agradecimiento a los miembros de las Fuerzas Armadas y la Polic\u00eda, que est\u00e1n en primera l\u00ednea, por su trabajo de mantener y defender a la Patria en situaciones complejas, antes enfrentando al terrorismo y hoy en el combate al enemigo invisible del covid-19.<\/span><\/p>\n<p><span style=\"color: #000000;\">El Jefe del Estado tambi\u00e9n expres\u00f3 un saludo a todos los pap\u00e1s por su d\u00eda, que se celebrar\u00e1 este domingo.<\/span><\/p>\n<p><span style=\"color: #000000;\">\u201cAgradecer a los padres de familia que est\u00e1n alejados de sus hijos en el combate al covid-19, hay testimonio del esfuerzo para servir a la Patria y decir que ese esfuerzo ser\u00e1 recompensando cuando regresen a casa y encuentren el amor y cari\u00f1o de sus hijos\u201d, manifest\u00f3.<\/span><\/p>\n","protected":false},"excerpt":{"rendered":"<p>El presidente Mart\u00edn Vizcarra dijo estar atento a que el pleno del Congreso apruebe la paridad y alternancia para las elecciones del 2021. Lima, 19 Junio 2020, (ANDINA).- El presidente Mart\u00edn Vizcarra dijo estar atento a que el pleno del Congreso apruebe la paridad y alternancia para las elecciones del 2021, a fin de garantizar [&hellip;]<\/p>\n","protected":false},"author":1,"featured_media":75237,"comment_status":"open","ping_status":"open","sticky":false,"template":"","format":"standard","meta":{"rop_custom_images_group":[],"rop_custom_messages_group":[],"rop_publish_now":"initial","rop_publish_now_accounts":[],"rop_publish_now_history":[],"rop_publish_now_status":"pending","footnotes":""},"categories":[5],"tags":[192,289],"class_list":["post-75236","post","type-post","status-publish","format-standard","has-post-thumbnail","hentry","category-actualidad-informativa","tag-congreso","tag-martin-vizcarra"],"_links":{"self":[{"href":"https:\/\/elinformanteperu.com\/index.php\/wp-json\/wp\/v2\/posts\/75236","targetHints":{"allow":["GET"]}}],"collection":[{"href":"https:\/\/elinformanteperu.com\/index.php\/wp-json\/wp\/v2\/posts"}],"about":[{"href":"https:\/\/elinformanteperu.com\/index.php\/wp-json\/wp\/v2\/types\/post"}],"author":[{"embeddable":true,"href":"https:\/\/elinformanteperu.com\/index.php\/wp-json\/wp\/v2\/users\/1"}],"replies":[{"embeddable":true,"href":"https:\/\/elinformanteperu.com\/index.php\/wp-json\/wp\/v2\/comments?post=75236"}],"version-history":[{"count":1,"href":"https:\/\/elinformanteperu.com\/index.php\/wp-json\/wp\/v2\/posts\/75236\/revisions"}],"predecessor-version":[{"id":75238,"href":"https:\/\/elinformanteperu.com\/index.php\/wp-json\/wp\/v2\/posts\/75236\/revisions\/75238"}],"wp:featuredmedia":[{"embeddable":true,"href":"https:\/\/elinformanteperu.com\/index.php\/wp-json\/wp\/v2\/media\/75237"}],"wp:attachment":[{"href":"https:\/\/elinformanteperu.com\/index.php\/wp-json\/wp\/v2\/media?parent=75236"}],"wp:term":[{"taxonomy":"category","embeddable":true,"href":"https:\/\/elinformanteperu.com\/index.php\/wp-json\/wp\/v2\/categories?post=75236"},{"taxonomy":"post_tag","embeddable":true,"href":"https:\/\/elinformanteperu.com\/index.php\/wp-json\/wp\/v2\/tags?post=75236"}],"curies":[{"name":"wp","href":"https:\/\/api.w.org\/{rel}","templated":true}]}}