{"id":75233,"date":"2020-06-19T23:48:44","date_gmt":"2020-06-20T04:48:44","guid":{"rendered":"http:\/\/elinformanteperu.com\/?p=75233"},"modified":"2020-06-19T23:51:59","modified_gmt":"2020-06-20T04:51:59","slug":"presidente-vizcarra-llama-a-ser-responsables-ante-reapertura-de-centros-comerciales","status":"publish","type":"post","link":"https:\/\/elinformanteperu.com\/index.php\/2020\/06\/19\/presidente-vizcarra-llama-a-ser-responsables-ante-reapertura-de-centros-comerciales\/","title":{"rendered":"Presidente Vizcarra llama a ser responsables ante reapertura de centros comerciales"},"content":{"rendered":"<p><strong><span style=\"color: #000000;\">El Presidente de la Rep\u00fablica, Mart\u00edn Vizcarra, hizo un llamado a la ciudadan\u00eda para que sea responsable y adopte las medidas de seguridad sanitaria.<\/span><\/strong><\/p>\n<p><span style=\"color: #000000;\"><strong>Lima, 19 Junio 2020, (ANDINA).-<\/strong> El Presidente de la Rep\u00fablica, Mart\u00edn Vizcarra, hizo un llamado a la ciudadan\u00eda para que sea responsable y adopte las medidas de seguridad sanitaria con miras al reinicio de actividades de los centros comerciales y conglomerados desde el pr\u00f3ximo lunes 22 de junio.<\/span><\/p>\n<p><span style=\"color: #000000;\">En declaraciones efectuadas en el Hospital Militar Central precis\u00f3 que esta medida se toma ante la demanda \u00abtotalmente justificada\u00bb de una parte de la poblaci\u00f3n que requiere reanudar sus labores y ante la gran cantidad de personas que quisieron ingresar a conglomerados como Gamarra y Mesa Redonda.<\/span><\/p>\n<p><span style=\"color: #000000;\">\u00abTenemos que garantizar que todos los que asistan mantengan la distancia entre una y otra persona y eso lo tenemos que vigilar nosotros mismos, es la responsabilidad ciudadana que nos toca a todos los peruanos, seamos responsables, estamos abriendo las actividades pero confiando en la responsabilidad de los peruanos\u00bb, dijo.<\/span><\/p>\n<p><span style=\"color: #000000;\">El Jefe del Estado explic\u00f3 que habr\u00e1 supervisi\u00f3n de los municipios, as\u00ed como los ministerios de Salud y Trabajo, pero que la supervisi\u00f3n m\u00e1s importante ser\u00e1 de las propias personas y \u00abno esperar que vaya una autoridad para hacer respetar las reglas b\u00e1sicas en la pandemia\u00bb.<\/span><\/p>\n<p><span style=\"color: #000000;\">\u00abCombatamos hasta al final al virus, todos con la mascarilla, todos, con una mascarilla bien usada, es decir, cubriendo nariz y boca, sabemos que a veces es inc\u00f3modo, pero como todo en la vida uno se acostumbra\u00bb, agreg\u00f3.<\/span><\/p>\n<p><span style=\"color: #000000;\">En ese sentido manifest\u00f3 que se hacen coordinaciones con el Ministerio de Salud, las fuerzas del orden y de seguridad para canalizar que el reinicio de actividades se efect\u00fae \u00abcon las condiciones m\u00ednimas que debemos cumplir todos en esta etapa de pandemia\u00bb.<\/span><\/p>\n<p><span style=\"color: #000000;\">\u00abPrimero mi salud\u00bb<\/span><\/p>\n<p><span style=\"color: #000000;\">\u00abTenemos que reiniciar estas actividades respetando los requisitos b\u00e1sicos y fundamentales, que todos los que venden, compran y proveedores deben cumplir, asistir a los centros comerciales primero con un aforo menor al normal, como m\u00e1ximo a 50 por ciento. Asimismo, los locales deben brindar facilidades para el lavado de manos y alcohol para desinfectar. Si cumplimos eso y con supervisi\u00f3n de uno mismo vamos a seguir disminuyendo la tasa de contagios que est\u00e1 en descenso\u00bb, a\u00f1adi\u00f3.<\/span><\/p>\n<p><span style=\"color: #000000;\">El Presidente afirm\u00f3 que por esto se pas\u00f3 del lema \u00abYo me quedo en casa\u00bb a \u00abPrimero mi salud\u00bb, debido a que se trata de cuidarse uno mismo para evitar contagiar a su familia y entorno.<\/span><\/p>\n","protected":false},"excerpt":{"rendered":"<p>El Presidente de la Rep\u00fablica, Mart\u00edn Vizcarra, hizo un llamado a la ciudadan\u00eda para que sea responsable y adopte las medidas de seguridad sanitaria. Lima, 19 Junio 2020, (ANDINA).- El Presidente de la Rep\u00fablica, Mart\u00edn Vizcarra, hizo un llamado a la ciudadan\u00eda para que sea responsable y adopte las medidas de seguridad sanitaria con miras [&hellip;]<\/p>\n","protected":false},"author":1,"featured_media":75234,"comment_status":"open","ping_status":"open","sticky":false,"template":"","format":"standard","meta":{"rop_custom_images_group":[],"rop_custom_messages_group":[],"rop_publish_now":"initial","rop_publish_now_accounts":[],"rop_publish_now_history":[],"rop_publish_now_status":"pending","footnotes":""},"categories":[5],"tags":[289,5374,1421],"class_list":["post-75233","post","type-post","status-publish","format-standard","has-post-thumbnail","hentry","category-actualidad-informativa","tag-martin-vizcarra","tag-peru-estado-de-emergencia","tag-poder-ejecutivo"],"_links":{"self":[{"href":"https:\/\/elinformanteperu.com\/index.php\/wp-json\/wp\/v2\/posts\/75233","targetHints":{"allow":["GET"]}}],"collection":[{"href":"https:\/\/elinformanteperu.com\/index.php\/wp-json\/wp\/v2\/posts"}],"about":[{"href":"https:\/\/elinformanteperu.com\/index.php\/wp-json\/wp\/v2\/types\/post"}],"author":[{"embeddable":true,"href":"https:\/\/elinformanteperu.com\/index.php\/wp-json\/wp\/v2\/users\/1"}],"replies":[{"embeddable":true,"href":"https:\/\/elinformanteperu.com\/index.php\/wp-json\/wp\/v2\/comments?post=75233"}],"version-history":[{"count":1,"href":"https:\/\/elinformanteperu.com\/index.php\/wp-json\/wp\/v2\/posts\/75233\/revisions"}],"predecessor-version":[{"id":75235,"href":"https:\/\/elinformanteperu.com\/index.php\/wp-json\/wp\/v2\/posts\/75233\/revisions\/75235"}],"wp:featuredmedia":[{"embeddable":true,"href":"https:\/\/elinformanteperu.com\/index.php\/wp-json\/wp\/v2\/media\/75234"}],"wp:attachment":[{"href":"https:\/\/elinformanteperu.com\/index.php\/wp-json\/wp\/v2\/media?parent=75233"}],"wp:term":[{"taxonomy":"category","embeddable":true,"href":"https:\/\/elinformanteperu.com\/index.php\/wp-json\/wp\/v2\/categories?post=75233"},{"taxonomy":"post_tag","embeddable":true,"href":"https:\/\/elinformanteperu.com\/index.php\/wp-json\/wp\/v2\/tags?post=75233"}],"curies":[{"name":"wp","href":"https:\/\/api.w.org\/{rel}","templated":true}]}}