{"id":7497,"date":"2017-03-28T18:53:57","date_gmt":"2017-03-28T23:53:57","guid":{"rendered":"http:\/\/elinformanteperu.com\/?p=7497"},"modified":"2017-03-28T18:53:57","modified_gmt":"2017-03-28T23:53:57","slug":"artistas-se-unen-en-concierto-a-favor-de-los-damnificados","status":"publish","type":"post","link":"https:\/\/elinformanteperu.com\/index.php\/2017\/03\/28\/artistas-se-unen-en-concierto-a-favor-de-los-damnificados\/","title":{"rendered":"Artistas se unen en concierto a favor de los damnificados"},"content":{"rendered":"<p><strong>Lucho Quequezana, Bareto, Laguna Pai, Wendy Sulca, Rafo Raez, entre otras ser\u00e1n parte del Festival Una sola fuerza a beneficio de los damnificados.<\/strong><\/p>\n<p><strong>Lima, 28 Marzo 2017, (ANDINA).-<\/strong> Lucho Quequezana, Bareto, Laguna Pai, La L\u00e1, Wendy Sulca, Rafo Raez, Voz Propia, entre otras ser\u00e1n parte del Festival Una sola fuerza a beneficio de los damnificados por los recientes desastres naturales.<\/p>\n<p>Junto a ellos se subir\u00e1n al escenario Cimarrones, Los Filipz, Millones de colores, Moldes, Los Protones, Francois Peglau, La Nueva Invasi\u00f3n, Pura Merk, El hombre misterioso, Cuchillazo, D\u00b4mente Com\u00fan y La Mente.<\/p>\n<p>El festival se desarrollar\u00e1 en la Concha Ac\u00fastica del Campo de Marte en el distrito de Jes\u00fas Mar\u00eda, a donde se podr\u00e1 ingresar dejando sus donaciones en un punto de acopio descentralizado del Ministerio de Cultura.<\/p>\n<p>Entre los productos prioritarios se encuentran alimentos no perecibles como az\u00facar, leche, agua, enlatados de preferencia con abre f\u00e1cil (at\u00fan, pollo, anchoveta, menestras cocidas, choclo, etc.); art\u00edculos de higiene y cuidado personal como toallas higi\u00e9nicas, pa\u00f1ales para bebe, toallitas h\u00famedas, repelente y otros productos como carpas, sogas, linternas y pilas.<\/p>\n<p>El Festival Una Sola Fuerza abrir\u00e1 sus puertas este s\u00e1bado 8 de abril desde las 11:00 de la ma\u00f1ana en la Concha Ac\u00fastica del Campo de Marte en Jes\u00fas Mar\u00eda.<\/p>\n<p><img fetchpriority=\"high\" decoding=\"async\" class=\"size-full wp-image-7499 aligncenter\" src=\"http:\/\/elinformanteperu.com\/wp-content\/uploads\/2017\/03\/evento.jpg\" alt=\"\" width=\"770\" height=\"470\" srcset=\"https:\/\/elinformanteperu.com\/wp-content\/uploads\/2017\/03\/evento.jpg 770w, https:\/\/elinformanteperu.com\/wp-content\/uploads\/2017\/03\/evento-300x183.jpg 300w, https:\/\/elinformanteperu.com\/wp-content\/uploads\/2017\/03\/evento-768x469.jpg 768w, https:\/\/elinformanteperu.com\/wp-content\/uploads\/2017\/03\/evento-128x78.jpg 128w, https:\/\/elinformanteperu.com\/wp-content\/uploads\/2017\/03\/evento-32x20.jpg 32w\" sizes=\"(max-width: 770px) 100vw, 770px\" \/><\/p>\n","protected":false},"excerpt":{"rendered":"<p>Lucho Quequezana, Bareto, Laguna Pai, Wendy Sulca, Rafo Raez, entre otras ser\u00e1n parte del Festival Una sola fuerza a beneficio de los damnificados. Lima, 28 Marzo 2017, (ANDINA).- Lucho Quequezana, Bareto, Laguna Pai, La L\u00e1, Wendy Sulca, Rafo Raez, Voz Propia, entre otras ser\u00e1n parte del Festival Una sola fuerza a beneficio de los damnificados [&hellip;]<\/p>\n","protected":false},"author":1,"featured_media":7498,"comment_status":"open","ping_status":"open","sticky":false,"template":"","format":"standard","meta":{"rop_custom_images_group":[],"rop_custom_messages_group":[],"rop_publish_now":"initial","rop_publish_now_accounts":[],"rop_publish_now_history":[],"rop_publish_now_status":"pending","footnotes":""},"categories":[69],"tags":[1258,1257,576],"class_list":["post-7497","post","type-post","status-publish","format-standard","has-post-thumbnail","hentry","category-musica","tag-festival-una-sola-fuerza","tag-lucho-quequezana","tag-wendy-sulca"],"_links":{"self":[{"href":"https:\/\/elinformanteperu.com\/index.php\/wp-json\/wp\/v2\/posts\/7497","targetHints":{"allow":["GET"]}}],"collection":[{"href":"https:\/\/elinformanteperu.com\/index.php\/wp-json\/wp\/v2\/posts"}],"about":[{"href":"https:\/\/elinformanteperu.com\/index.php\/wp-json\/wp\/v2\/types\/post"}],"author":[{"embeddable":true,"href":"https:\/\/elinformanteperu.com\/index.php\/wp-json\/wp\/v2\/users\/1"}],"replies":[{"embeddable":true,"href":"https:\/\/elinformanteperu.com\/index.php\/wp-json\/wp\/v2\/comments?post=7497"}],"version-history":[{"count":1,"href":"https:\/\/elinformanteperu.com\/index.php\/wp-json\/wp\/v2\/posts\/7497\/revisions"}],"predecessor-version":[{"id":7500,"href":"https:\/\/elinformanteperu.com\/index.php\/wp-json\/wp\/v2\/posts\/7497\/revisions\/7500"}],"wp:featuredmedia":[{"embeddable":true,"href":"https:\/\/elinformanteperu.com\/index.php\/wp-json\/wp\/v2\/media\/7498"}],"wp:attachment":[{"href":"https:\/\/elinformanteperu.com\/index.php\/wp-json\/wp\/v2\/media?parent=7497"}],"wp:term":[{"taxonomy":"category","embeddable":true,"href":"https:\/\/elinformanteperu.com\/index.php\/wp-json\/wp\/v2\/categories?post=7497"},{"taxonomy":"post_tag","embeddable":true,"href":"https:\/\/elinformanteperu.com\/index.php\/wp-json\/wp\/v2\/tags?post=7497"}],"curies":[{"name":"wp","href":"https:\/\/api.w.org\/{rel}","templated":true}]}}